{"id":898,"date":"2020-10-08T20:31:24","date_gmt":"2020-10-08T20:31:24","guid":{"rendered":"http:\/\/lumiererosario.gob.ar\/web\/?p=898"},"modified":"2020-10-27T18:21:34","modified_gmt":"2020-10-27T18:21:34","slug":"recomendaciones-del-mes-una-de-vampiros","status":"publish","type":"post","link":"https:\/\/lumiererosario.gob.ar\/web\/recomendaciones-del-mes-una-de-vampiros\/","title":{"rendered":"Recomendaciones del mes: Una de Vampiros"},"content":{"rendered":"\n<p><strong>Desde el Lumi\u00e8re seguimos sugiriendo pel\u00edculas para ver en casa. En octubre elegimos a los vampiros como protagonistas. <\/strong><\/p>\n\n\n\n<p><\/p>\n\n\n\n<p>La presencia en el cine de estos enigm\u00e1ticos personajes se remonta a los primeros pasos del s\u00e9ptimo arte, sosteni\u00e9ndose en todas sus etapas y atravesando todos los g\u00e9neros. En esta oportunidad seleccionamos la animaci\u00f3n cubana<strong> Vampiros en La Habana<\/strong>, el film de culto <em>Vampyr<\/em> y la versi\u00f3n de <em>Dr\u00e1cula <\/em>m\u00e1s emblem\u00e1tica, protagonizada por Bela Lugosi.<\/p>\n\n\n\n<p><strong>Vampiros en La Habana<\/strong><br>Animaci\u00f3n | 69&#8242; | Cuba, 1985<br>Direcci\u00f3n: Juan Padr\u00f3n<br>Una animaci\u00f3n cubana dirigida por Juan Padr\u00f3n que parodia de los films de g\u00e1nster de la era dorada de Hollywood, mezclada con el subg\u00e9nero er\u00f3tico de vampiros, a la que adem\u00e1s suma la dictadura de Gerardo Machado en la Cuba de los a\u00f1os 30 como tel\u00f3n de fondo. Adem\u00e1s, cuenta con una estupenda banda sonora de Rembert Eg\u00fces dedicada a la m\u00fasica popular cubana.<br><\/p>\n\n\n\n<figure class=\"wp-block-embed-youtube wp-block-embed is-type-video is-provider-youtube wp-embed-aspect-4-3 wp-has-aspect-ratio\"><div class=\"wp-block-embed__wrapper\">\n<iframe title=\"P1_VampirosEnLaHabana.wmv\" width=\"900\" height=\"675\" src=\"https:\/\/www.youtube.com\/embed\/RMhS5Xt_sRE?feature=oembed\" frameborder=\"0\" allow=\"accelerometer; autoplay; clipboard-write; encrypted-media; gyroscope; picture-in-picture\" allowfullscreen><\/iframe>\n<\/div><\/figure>\n\n\n\n<p><\/p>\n\n\n\n<p><strong>Vampyr<br><\/strong>Terror | 68&#8242; | Francia \/ Alemania, 1932<br>Direcci\u00f3n: Carl Dreyer<br>Vampyr (1932), del director dan\u00e9s Carl Theodor Dreyer. Con toques surrealistas, g\u00f3ticos y expresionistas, es un relato on\u00edrico que busca crear en la pantalla un sue\u00f1o despierto y mostrar que lo muchas veces el espanto espantoso no se encuentra en lo que nos rodea sino en nuestro propio subconsciente\u201d.<br>Este film signific\u00f3 una osad\u00eda para el director y le cost\u00f3 ser ignorado tanto por la cr\u00edtica como por el p\u00fablico, tardando doce a\u00f1os en volver a filmar. Hoy puede considerarse como una curiosa joya de la transici\u00f3n, a menudo traum\u00e1tica, entre el mudo y el sonoro.<\/p>\n\n\n\n<figure class=\"wp-block-embed-youtube wp-block-embed is-type-video is-provider-youtube wp-embed-aspect-4-3 wp-has-aspect-ratio\"><div class=\"wp-block-embed__wrapper\">\n<iframe title=\"Vampyr Subtitulado En Espa\u00f1ol-Carl Theodor Dreyer\" width=\"900\" height=\"675\" src=\"https:\/\/www.youtube.com\/embed\/ipd8DqjTYOg?feature=oembed\" frameborder=\"0\" allow=\"accelerometer; autoplay; clipboard-write; encrypted-media; gyroscope; picture-in-picture\" allowfullscreen><\/iframe>\n<\/div><\/figure>\n\n\n\n<p><\/p>\n\n\n\n<p><strong>Dr\u00e1cula<\/strong><br>Terror | 72&#8242; | Estados Unidos, 1931<br>Direcci\u00f3n: Tod Browning, Karl Freund<\/p>\n\n\n\n<p> La adaptaci\u00f3n cinematogr\u00e1fica m\u00e1s reconocida de la novela de Bram Stoker es sin duda esta pel\u00edcula de Tod Browning, una pel\u00edcula de terror rodada en blanco y negro con un desarrollo mucho m\u00e1s fiel a la novela que la versi\u00f3n de de Francis Ford Coppola de 1992. La pel\u00edcula represent\u00f3 un grand\u00edsimo \u00e9xito y consolid\u00f3 como mito del cine de terror al actor de origen h\u00fangaro Bela Lugosi, quien fue incorporado al elenco casi como \u00faltimo recurso, luego de que el director barajara varios nombres antes de otorgarle el papel.<br><\/p>\n\n\n\n<p><a href=\"http:\/\/www.dedominiopublico.org\/peliculas\/dracula-1931\/\">Ver online<\/a><\/p>\n","protected":false},"excerpt":{"rendered":"<p>Desde el Lumi\u00e8re seguimos sugiriendo pel\u00edculas para ver en casa. En octubre elegimos a los vampiros como protagonistas. La presencia en el cine de estos enigm\u00e1ticos personajes se remonta a los primeros pasos del s\u00e9ptimo arte, sosteni\u00e9ndose en todas sus etapas y atravesando todos los g\u00e9neros. En esta oportunidad seleccionamos la animaci\u00f3n cubana Vampiros en [&hellip;]<\/p>\n","protected":false},"author":4,"featured_media":902,"comment_status":"open","ping_status":"closed","sticky":false,"template":"","format":"standard","meta":{"_exactmetrics_skip_tracking":false,"_exactmetrics_sitenote_active":false,"_exactmetrics_sitenote_note":"","_exactmetrics_sitenote_category":0,"footnotes":""},"categories":[1],"tags":[56,16,55,18,28,17],"class_list":["post-898","post","type-post","status-publish","format-standard","has-post-thumbnail","hentry","category-sin-categoria","tag-animacion","tag-cine","tag-clasicos","tag-cultura","tag-recomendaciones","tag-terror"],"yoast_head":"<!-- This site is optimized with the Yoast SEO plugin v25.6 - https:\/\/yoast.com\/wordpress\/plugins\/seo\/ -->\n<title>Recomendaciones del mes: Una de Vampiros - Centro Cultural Cine Lumi\u00e8re<\/title>\n<meta name=\"robots\" content=\"index, follow, max-snippet:-1, max-image-preview:large, max-video-preview:-1\" \/>\n<link rel=\"canonical\" href=\"https:\/\/lumiererosario.gob.ar\/web\/recomendaciones-del-mes-una-de-vampiros\/\" \/>\n<meta property=\"og:locale\" content=\"es_ES\" \/>\n<meta property=\"og:type\" content=\"article\" \/>\n<meta property=\"og:title\" content=\"Recomendaciones del mes: Una de Vampiros - Centro Cultural Cine Lumi\u00e8re\" \/>\n<meta property=\"og:description\" content=\"Desde el Lumi\u00e8re seguimos sugiriendo pel\u00edculas para ver en casa. En octubre elegimos a los vampiros como protagonistas. La presencia en el cine de estos enigm\u00e1ticos personajes se remonta a los primeros pasos del s\u00e9ptimo arte, sosteni\u00e9ndose en todas sus etapas y atravesando todos los g\u00e9neros. En esta oportunidad seleccionamos la animaci\u00f3n cubana Vampiros en [&hellip;]\" \/>\n<meta property=\"og:url\" content=\"https:\/\/lumiererosario.gob.ar\/web\/recomendaciones-del-mes-una-de-vampiros\/\" \/>\n<meta property=\"og:site_name\" content=\"Centro Cultural Cine Lumi\u00e8re\" \/>\n<meta property=\"article:publisher\" content=\"https:\/\/es-la.facebook.com\/CentroCulturalCineLumiere\/\" \/>\n<meta property=\"article:published_time\" content=\"2020-10-08T20:31:24+00:00\" \/>\n<meta property=\"article:modified_time\" content=\"2020-10-27T18:21:34+00:00\" \/>\n<meta property=\"og:image\" content=\"https:\/\/lumiererosario.gob.ar\/web\/wp-content\/uploads\/2020\/10\/vampyr2.jpg\" \/>\n\t<meta property=\"og:image:width\" content=\"576\" \/>\n\t<meta property=\"og:image:height\" content=\"373\" \/>\n\t<meta property=\"og:image:type\" content=\"image\/jpeg\" \/>\n<meta name=\"author\" content=\"Lumiere\" \/>\n<meta name=\"twitter:label1\" content=\"Escrito por\" \/>\n\t<meta name=\"twitter:data1\" content=\"Lumiere\" \/>\n\t<meta name=\"twitter:label2\" content=\"Tiempo de lectura\" \/>\n\t<meta name=\"twitter:data2\" content=\"2 minutos\" \/>\n<script type=\"application\/ld+json\" class=\"yoast-schema-graph\">{\"@context\":\"https:\/\/schema.org\",\"@graph\":[{\"@type\":\"Article\",\"@id\":\"https:\/\/lumiererosario.gob.ar\/web\/recomendaciones-del-mes-una-de-vampiros\/#article\",\"isPartOf\":{\"@id\":\"https:\/\/lumiererosario.gob.ar\/web\/recomendaciones-del-mes-una-de-vampiros\/\"},\"author\":{\"name\":\"Lumiere\",\"@id\":\"https:\/\/lumiererosario.gob.ar\/web\/#\/schema\/person\/b277aa5b6373bead2f9f24d8a4685515\"},\"headline\":\"Recomendaciones del mes: Una de Vampiros\",\"datePublished\":\"2020-10-08T20:31:24+00:00\",\"dateModified\":\"2020-10-27T18:21:34+00:00\",\"mainEntityOfPage\":{\"@id\":\"https:\/\/lumiererosario.gob.ar\/web\/recomendaciones-del-mes-una-de-vampiros\/\"},\"wordCount\":413,\"commentCount\":0,\"publisher\":{\"@id\":\"https:\/\/lumiererosario.gob.ar\/web\/#organization\"},\"image\":{\"@id\":\"https:\/\/lumiererosario.gob.ar\/web\/recomendaciones-del-mes-una-de-vampiros\/#primaryimage\"},\"thumbnailUrl\":\"https:\/\/lumiererosario.gob.ar\/web\/wp-content\/uploads\/2020\/10\/vampyr2.jpg\",\"keywords\":[\"animaci\u00f3n\",\"cine\",\"cl\u00e1sicos\",\"cultura\",\"recomendaciones\",\"terror\"],\"inLanguage\":\"es\",\"potentialAction\":[{\"@type\":\"CommentAction\",\"name\":\"Comment\",\"target\":[\"https:\/\/lumiererosario.gob.ar\/web\/recomendaciones-del-mes-una-de-vampiros\/#respond\"]}]},{\"@type\":\"WebPage\",\"@id\":\"https:\/\/lumiererosario.gob.ar\/web\/recomendaciones-del-mes-una-de-vampiros\/\",\"url\":\"https:\/\/lumiererosario.gob.ar\/web\/recomendaciones-del-mes-una-de-vampiros\/\",\"name\":\"Recomendaciones del mes: Una de Vampiros - Centro Cultural Cine Lumi\u00e8re\",\"isPartOf\":{\"@id\":\"https:\/\/lumiererosario.gob.ar\/web\/#website\"},\"primaryImageOfPage\":{\"@id\":\"https:\/\/lumiererosario.gob.ar\/web\/recomendaciones-del-mes-una-de-vampiros\/#primaryimage\"},\"image\":{\"@id\":\"https:\/\/lumiererosario.gob.ar\/web\/recomendaciones-del-mes-una-de-vampiros\/#primaryimage\"},\"thumbnailUrl\":\"https:\/\/lumiererosario.gob.ar\/web\/wp-content\/uploads\/2020\/10\/vampyr2.jpg\",\"datePublished\":\"2020-10-08T20:31:24+00:00\",\"dateModified\":\"2020-10-27T18:21:34+00:00\",\"breadcrumb\":{\"@id\":\"https:\/\/lumiererosario.gob.ar\/web\/recomendaciones-del-mes-una-de-vampiros\/#breadcrumb\"},\"inLanguage\":\"es\",\"potentialAction\":[{\"@type\":\"ReadAction\",\"target\":[\"https:\/\/lumiererosario.gob.ar\/web\/recomendaciones-del-mes-una-de-vampiros\/\"]}]},{\"@type\":\"ImageObject\",\"inLanguage\":\"es\",\"@id\":\"https:\/\/lumiererosario.gob.ar\/web\/recomendaciones-del-mes-una-de-vampiros\/#primaryimage\",\"url\":\"https:\/\/lumiererosario.gob.ar\/web\/wp-content\/uploads\/2020\/10\/vampyr2.jpg\",\"contentUrl\":\"https:\/\/lumiererosario.gob.ar\/web\/wp-content\/uploads\/2020\/10\/vampyr2.jpg\",\"width\":576,\"height\":373},{\"@type\":\"BreadcrumbList\",\"@id\":\"https:\/\/lumiererosario.gob.ar\/web\/recomendaciones-del-mes-una-de-vampiros\/#breadcrumb\",\"itemListElement\":[{\"@type\":\"ListItem\",\"position\":1,\"name\":\"Portada\",\"item\":\"https:\/\/lumiererosario.gob.ar\/web\/\"},{\"@type\":\"ListItem\",\"position\":2,\"name\":\"Recomendaciones del mes: Una de Vampiros\"}]},{\"@type\":\"WebSite\",\"@id\":\"https:\/\/lumiererosario.gob.ar\/web\/#website\",\"url\":\"https:\/\/lumiererosario.gob.ar\/web\/\",\"name\":\"Centro Cultural Cine Lumi\u00e8re\",\"description\":\"Cine Lumi\u00e8re es el cine p\u00fablico de Municipalidad de Rosario\",\"publisher\":{\"@id\":\"https:\/\/lumiererosario.gob.ar\/web\/#organization\"},\"potentialAction\":[{\"@type\":\"SearchAction\",\"target\":{\"@type\":\"EntryPoint\",\"urlTemplate\":\"https:\/\/lumiererosario.gob.ar\/web\/?s={search_term_string}\"},\"query-input\":{\"@type\":\"PropertyValueSpecification\",\"valueRequired\":true,\"valueName\":\"search_term_string\"}}],\"inLanguage\":\"es\"},{\"@type\":\"Organization\",\"@id\":\"https:\/\/lumiererosario.gob.ar\/web\/#organization\",\"name\":\"Centro Cultural Cine Lumi\u00e8re\",\"url\":\"https:\/\/lumiererosario.gob.ar\/web\/\",\"logo\":{\"@type\":\"ImageObject\",\"inLanguage\":\"es\",\"@id\":\"https:\/\/lumiererosario.gob.ar\/web\/#\/schema\/logo\/image\/\",\"url\":\"https:\/\/lumiererosario.gob.ar\/web\/wp-content\/uploads\/2019\/10\/logo-lumiere.png\",\"contentUrl\":\"https:\/\/lumiererosario.gob.ar\/web\/wp-content\/uploads\/2019\/10\/logo-lumiere.png\",\"width\":350,\"height\":175,\"caption\":\"Centro Cultural Cine Lumi\u00e8re\"},\"image\":{\"@id\":\"https:\/\/lumiererosario.gob.ar\/web\/#\/schema\/logo\/image\/\"},\"sameAs\":[\"https:\/\/es-la.facebook.com\/CentroCulturalCineLumiere\/\",\"https:\/\/www.instagram.com\/cccinelumiere\/\",\"https:\/\/www.youtube.com\/channel\/UCuhG8G0hl5YdZz-j9xf2muQ\/videos\"]},{\"@type\":\"Person\",\"@id\":\"https:\/\/lumiererosario.gob.ar\/web\/#\/schema\/person\/b277aa5b6373bead2f9f24d8a4685515\",\"name\":\"Lumiere\",\"image\":{\"@type\":\"ImageObject\",\"inLanguage\":\"es\",\"@id\":\"https:\/\/lumiererosario.gob.ar\/web\/#\/schema\/person\/image\/\",\"url\":\"https:\/\/secure.gravatar.com\/avatar\/023d2460701349f67fb8c23441481066?s=96&d=mm&r=g\",\"contentUrl\":\"https:\/\/secure.gravatar.com\/avatar\/023d2460701349f67fb8c23441481066?s=96&d=mm&r=g\",\"caption\":\"Lumiere\"}}]}<\/script>\n<!-- \/ Yoast SEO plugin. -->","yoast_head_json":{"title":"Recomendaciones del mes: Una de Vampiros - Centro Cultural Cine Lumi\u00e8re","robots":{"index":"index","follow":"follow","max-snippet":"max-snippet:-1","max-image-preview":"max-image-preview:large","max-video-preview":"max-video-preview:-1"},"canonical":"https:\/\/lumiererosario.gob.ar\/web\/recomendaciones-del-mes-una-de-vampiros\/","og_locale":"es_ES","og_type":"article","og_title":"Recomendaciones del mes: Una de Vampiros - Centro Cultural Cine Lumi\u00e8re","og_description":"Desde el Lumi\u00e8re seguimos sugiriendo pel\u00edculas para ver en casa. En octubre elegimos a los vampiros como protagonistas. La presencia en el cine de estos enigm\u00e1ticos personajes se remonta a los primeros pasos del s\u00e9ptimo arte, sosteni\u00e9ndose en todas sus etapas y atravesando todos los g\u00e9neros. En esta oportunidad seleccionamos la animaci\u00f3n cubana Vampiros en [&hellip;]","og_url":"https:\/\/lumiererosario.gob.ar\/web\/recomendaciones-del-mes-una-de-vampiros\/","og_site_name":"Centro Cultural Cine Lumi\u00e8re","article_publisher":"https:\/\/es-la.facebook.com\/CentroCulturalCineLumiere\/","article_published_time":"2020-10-08T20:31:24+00:00","article_modified_time":"2020-10-27T18:21:34+00:00","og_image":[{"width":576,"height":373,"url":"https:\/\/lumiererosario.gob.ar\/web\/wp-content\/uploads\/2020\/10\/vampyr2.jpg","type":"image\/jpeg"}],"author":"Lumiere","twitter_misc":{"Escrito por":"Lumiere","Tiempo de lectura":"2 minutos"},"schema":{"@context":"https:\/\/schema.org","@graph":[{"@type":"Article","@id":"https:\/\/lumiererosario.gob.ar\/web\/recomendaciones-del-mes-una-de-vampiros\/#article","isPartOf":{"@id":"https:\/\/lumiererosario.gob.ar\/web\/recomendaciones-del-mes-una-de-vampiros\/"},"author":{"name":"Lumiere","@id":"https:\/\/lumiererosario.gob.ar\/web\/#\/schema\/person\/b277aa5b6373bead2f9f24d8a4685515"},"headline":"Recomendaciones del mes: Una de Vampiros","datePublished":"2020-10-08T20:31:24+00:00","dateModified":"2020-10-27T18:21:34+00:00","mainEntityOfPage":{"@id":"https:\/\/lumiererosario.gob.ar\/web\/recomendaciones-del-mes-una-de-vampiros\/"},"wordCount":413,"commentCount":0,"publisher":{"@id":"https:\/\/lumiererosario.gob.ar\/web\/#organization"},"image":{"@id":"https:\/\/lumiererosario.gob.ar\/web\/recomendaciones-del-mes-una-de-vampiros\/#primaryimage"},"thumbnailUrl":"https:\/\/lumiererosario.gob.ar\/web\/wp-content\/uploads\/2020\/10\/vampyr2.jpg","keywords":["animaci\u00f3n","cine","cl\u00e1sicos","cultura","recomendaciones","terror"],"inLanguage":"es","potentialAction":[{"@type":"CommentAction","name":"Comment","target":["https:\/\/lumiererosario.gob.ar\/web\/recomendaciones-del-mes-una-de-vampiros\/#respond"]}]},{"@type":"WebPage","@id":"https:\/\/lumiererosario.gob.ar\/web\/recomendaciones-del-mes-una-de-vampiros\/","url":"https:\/\/lumiererosario.gob.ar\/web\/recomendaciones-del-mes-una-de-vampiros\/","name":"Recomendaciones del mes: Una de Vampiros - Centro Cultural Cine Lumi\u00e8re","isPartOf":{"@id":"https:\/\/lumiererosario.gob.ar\/web\/#website"},"primaryImageOfPage":{"@id":"https:\/\/lumiererosario.gob.ar\/web\/recomendaciones-del-mes-una-de-vampiros\/#primaryimage"},"image":{"@id":"https:\/\/lumiererosario.gob.ar\/web\/recomendaciones-del-mes-una-de-vampiros\/#primaryimage"},"thumbnailUrl":"https:\/\/lumiererosario.gob.ar\/web\/wp-content\/uploads\/2020\/10\/vampyr2.jpg","datePublished":"2020-10-08T20:31:24+00:00","dateModified":"2020-10-27T18:21:34+00:00","breadcrumb":{"@id":"https:\/\/lumiererosario.gob.ar\/web\/recomendaciones-del-mes-una-de-vampiros\/#breadcrumb"},"inLanguage":"es","potentialAction":[{"@type":"ReadAction","target":["https:\/\/lumiererosario.gob.ar\/web\/recomendaciones-del-mes-una-de-vampiros\/"]}]},{"@type":"ImageObject","inLanguage":"es","@id":"https:\/\/lumiererosario.gob.ar\/web\/recomendaciones-del-mes-una-de-vampiros\/#primaryimage","url":"https:\/\/lumiererosario.gob.ar\/web\/wp-content\/uploads\/2020\/10\/vampyr2.jpg","contentUrl":"https:\/\/lumiererosario.gob.ar\/web\/wp-content\/uploads\/2020\/10\/vampyr2.jpg","width":576,"height":373},{"@type":"BreadcrumbList","@id":"https:\/\/lumiererosario.gob.ar\/web\/recomendaciones-del-mes-una-de-vampiros\/#breadcrumb","itemListElement":[{"@type":"ListItem","position":1,"name":"Portada","item":"https:\/\/lumiererosario.gob.ar\/web\/"},{"@type":"ListItem","position":2,"name":"Recomendaciones del mes: Una de Vampiros"}]},{"@type":"WebSite","@id":"https:\/\/lumiererosario.gob.ar\/web\/#website","url":"https:\/\/lumiererosario.gob.ar\/web\/","name":"Centro Cultural Cine Lumi\u00e8re","description":"Cine Lumi\u00e8re es el cine p\u00fablico de Municipalidad de Rosario","publisher":{"@id":"https:\/\/lumiererosario.gob.ar\/web\/#organization"},"potentialAction":[{"@type":"SearchAction","target":{"@type":"EntryPoint","urlTemplate":"https:\/\/lumiererosario.gob.ar\/web\/?s={search_term_string}"},"query-input":{"@type":"PropertyValueSpecification","valueRequired":true,"valueName":"search_term_string"}}],"inLanguage":"es"},{"@type":"Organization","@id":"https:\/\/lumiererosario.gob.ar\/web\/#organization","name":"Centro Cultural Cine Lumi\u00e8re","url":"https:\/\/lumiererosario.gob.ar\/web\/","logo":{"@type":"ImageObject","inLanguage":"es","@id":"https:\/\/lumiererosario.gob.ar\/web\/#\/schema\/logo\/image\/","url":"https:\/\/lumiererosario.gob.ar\/web\/wp-content\/uploads\/2019\/10\/logo-lumiere.png","contentUrl":"https:\/\/lumiererosario.gob.ar\/web\/wp-content\/uploads\/2019\/10\/logo-lumiere.png","width":350,"height":175,"caption":"Centro Cultural Cine Lumi\u00e8re"},"image":{"@id":"https:\/\/lumiererosario.gob.ar\/web\/#\/schema\/logo\/image\/"},"sameAs":["https:\/\/es-la.facebook.com\/CentroCulturalCineLumiere\/","https:\/\/www.instagram.com\/cccinelumiere\/","https:\/\/www.youtube.com\/channel\/UCuhG8G0hl5YdZz-j9xf2muQ\/videos"]},{"@type":"Person","@id":"https:\/\/lumiererosario.gob.ar\/web\/#\/schema\/person\/b277aa5b6373bead2f9f24d8a4685515","name":"Lumiere","image":{"@type":"ImageObject","inLanguage":"es","@id":"https:\/\/lumiererosario.gob.ar\/web\/#\/schema\/person\/image\/","url":"https:\/\/secure.gravatar.com\/avatar\/023d2460701349f67fb8c23441481066?s=96&d=mm&r=g","contentUrl":"https:\/\/secure.gravatar.com\/avatar\/023d2460701349f67fb8c23441481066?s=96&d=mm&r=g","caption":"Lumiere"}}]}},"_links":{"self":[{"href":"https:\/\/lumiererosario.gob.ar\/web\/wp-json\/wp\/v2\/posts\/898"}],"collection":[{"href":"https:\/\/lumiererosario.gob.ar\/web\/wp-json\/wp\/v2\/posts"}],"about":[{"href":"https:\/\/lumiererosario.gob.ar\/web\/wp-json\/wp\/v2\/types\/post"}],"author":[{"embeddable":true,"href":"https:\/\/lumiererosario.gob.ar\/web\/wp-json\/wp\/v2\/users\/4"}],"replies":[{"embeddable":true,"href":"https:\/\/lumiererosario.gob.ar\/web\/wp-json\/wp\/v2\/comments?post=898"}],"version-history":[{"count":3,"href":"https:\/\/lumiererosario.gob.ar\/web\/wp-json\/wp\/v2\/posts\/898\/revisions"}],"predecessor-version":[{"id":934,"href":"https:\/\/lumiererosario.gob.ar\/web\/wp-json\/wp\/v2\/posts\/898\/revisions\/934"}],"wp:featuredmedia":[{"embeddable":true,"href":"https:\/\/lumiererosario.gob.ar\/web\/wp-json\/wp\/v2\/media\/902"}],"wp:attachment":[{"href":"https:\/\/lumiererosario.gob.ar\/web\/wp-json\/wp\/v2\/media?parent=898"}],"wp:term":[{"taxonomy":"category","embeddable":true,"href":"https:\/\/lumiererosario.gob.ar\/web\/wp-json\/wp\/v2\/categories?post=898"},{"taxonomy":"post_tag","embeddable":true,"href":"https:\/\/lumiererosario.gob.ar\/web\/wp-json\/wp\/v2\/tags?post=898"}],"curies":[{"name":"wp","href":"https:\/\/api.w.org\/{rel}","templated":true}]}}