{"id":5529,"date":"2022-11-30T13:22:36","date_gmt":"2022-11-30T13:22:36","guid":{"rendered":"http:\/\/lumiererosario.gob.ar\/web\/?p=5529"},"modified":"2022-12-05T11:53:39","modified_gmt":"2022-12-05T11:53:39","slug":"diciembre-mas-cine","status":"publish","type":"post","link":"https:\/\/lumiererosario.gob.ar\/web\/diciembre-mas-cine\/","title":{"rendered":"DICIEMBRE M\u00c1S CINE"},"content":{"rendered":"\t\t<div data-elementor-type=\"wp-post\" data-elementor-id=\"5529\" class=\"elementor elementor-5529\">\n\t\t\t\t\t\t<section class=\"elementor-section elementor-top-section elementor-element elementor-element-ebe216c elementor-section-boxed elementor-section-height-default elementor-section-height-default\" data-id=\"ebe216c\" data-element_type=\"section\" data-e-type=\"section\">\n\t\t\t\t\t\t<div class=\"elementor-container elementor-column-gap-default\">\n\t\t\t\t\t<div class=\"elementor-column elementor-col-100 elementor-top-column elementor-element elementor-element-9905619\" data-id=\"9905619\" data-element_type=\"column\" data-e-type=\"column\">\n\t\t\t<div class=\"elementor-widget-wrap elementor-element-populated\">\n\t\t\t\t\t\t<div class=\"elementor-element elementor-element-bcadbcb elementor-widget elementor-widget-text-editor\" data-id=\"bcadbcb\" data-element_type=\"widget\" data-e-type=\"widget\" data-widget_type=\"text-editor.default\">\n\t\t\t\t<div class=\"elementor-widget-container\">\n\t\t\t\t\t\t\t\t\t<p>Diciembre se avecina con grandes pel\u00edculas, estrenos, cl\u00e1sicos, homenaje, cortos y espect\u00e1culo, DICIEMBRE M\u00c1S CINE en Cine Lumi\u00e8re.<\/p><p>Desde el 1\u00b0 y hasta el 29 la cartelera no descansa y nos trae la \u00faltima pel\u00edcula de N\u00e9stor Frenkel. <strong>El director que el a\u00f1o pasado recibi\u00f3 el Premio Konex como uno de los cinco documentalistas destacados de la d\u00e9cada, estrena <em>El coso<\/em>, un documental maravilloso sobre Federico Manuel Peralta Ramos<\/strong>, \u00abun artista de lo ef\u00edmero, un fil\u00f3sofo espont\u00e1neo, poeta de versos tan fugaces como potentes. Un performer que hizo humor con amor. Un marginal vestido de pituco, pero tambi\u00e9n un chiflado capaz de ver los hilos invisibles de la realidad. Un ser \u00fanico muy dif\u00edcil de explicar ayer, hoy y siempre\u00bb. La pel\u00edcula se podr\u00e1 ver <strong>los jueves 1\u00b0 y 15 de diciembre a las 20h, con entrada gratuita.<\/strong><\/p><p>Este a\u00f1o, al cumplirse diez a\u00f1os del fallecimiento del gran <strong>Leonardo Favio<\/strong>, desde el Cine Lumi\u00e8re lo homenajeamos con una cartelera que repasa algunas de las pel\u00edculas del inolvidable cineasta. <em><strong>El dependiente<\/strong><\/em> abre el ciclo, una de las producciones emblem\u00e1ticas del realizador, contin\u00faa <strong><em>Nazareno Cruz y el lobo<\/em><\/strong> y <em><strong>So\u00f1ar, so\u00f1ar<\/strong><\/em>. <strong>Los primeros tres s\u00e1bados de diciembre a las 20h, con entrada gratuita.<\/strong><\/p><p>Nos aliamos a Visual AIDS, la organizaci\u00f3n sin fines de lucro con sede en Nueva York que utiliza el arte para luchar contra el SIDA provocando el di\u00e1logo y apoyando a artistas VIH+.<strong> Nos sumamos al DAY WITH(OUT) ART 2022<\/strong> que este a\u00f1o, bajo la premisa Siendo y perteneciendo, presenta un programa de siete videos cortos que destacan las historias poco contadas sobre el VIH y el SIDA desde la perspectiva de artistas que viven con VIH en todo el mundo. Uno de los trabajos es de la realizadora rosarina Camila Arce que estar\u00e1 presente en el cine con su testimonio. <strong>El jueves 15 de diciembre a las 18h.<\/strong><\/p><p>La propuesta de <em>Lo que hacemos en las sombras<\/em> trae <strong>un gran estreno franc\u00e9s que se present\u00f3 en el reciente Festival Internacional de Cine de Mar del Plata<\/strong>, y en alianza con el Instituto Franc\u00e9s de Cine en Argentina se presenta en Cine Lumi\u00e8re: <strong><em>Mandibules<\/em><\/strong>, comedia fant\u00e1stica de Quentin Dupieux. <strong>El viernes 9 de diciembre a las 20h, tambi\u00e9n con entrada gratuita.<\/strong><\/p><p>Finalizando el mes y en sinton\u00eda con el <strong>D\u00eda Internacional del Cine<\/strong>, el mi\u00e9rcoles 28 se presentar\u00e1 un espect\u00e1culo con la participaci\u00f3n de la Agrupaci\u00f3n Coral Rosario interpretando canciones de pel\u00edculas, mientras proyectamos fragmentos de los films en nuestra sala. Y el jueves 29, la \u00faltima funci\u00f3n del a\u00f1o, disfrutaremos de <em><strong>Lumi\u00e8re et compagnie<\/strong><\/em> (Lumi\u00e8re y compa\u00f1\u00eda) pel\u00edcula realizada en 1995 para conmemorar los 100 primeros a\u00f1os de cine.<\/p><p>Adem\u00e1s, la genial <strong><em>Todo el a\u00f1o es Navidad<\/em><\/strong> de N\u00e9stor Frenkel el jueves 22 y m\u00e1s pel\u00edculas de terror los viernes de <em>Lo que hacemos en las sombras<\/em>.<\/p><h1>CARTELERA<\/h1><p><strong>Jueves 1, 20h<\/strong><\/p><p><em><strong>EL COSO<\/strong><\/em><br \/>Documental | Argentina, 2022 | 73\u2019 | ATP | Dir: N\u00e9stor Frenkel<\/p><p><strong>S\u00e1bado 3, 20h<\/strong><\/p><p><em><strong>EL DEPENDIENTE<\/strong><\/em><br \/>Drama\/Realismo M\u00e1gico | Argentina, 1969 | 87&#8242; | +13 | Dir: Leonardo Favio<\/p><p><em><strong>Viernes 9, 20h<\/strong><\/em><\/p><p><em><strong>ESTRENO: MANDIBULES<\/strong><\/em><br \/>Comedia fant\u00e1stica | Francia, 2020 | 77&#8242; | Francia | Dir: Quentin Dupieux<\/p><p><strong>S\u00e1bado 10, 20h<\/strong><\/p><p><em><strong>NAZARENO CRUZ Y EL LOBO<\/strong><\/em><br \/>Terror\/Fant\u00e1stico | Argentina, 1974 | 92&#8242; | +13 | Dir: Leonardo Favio<\/p><p><strong>Jueves 15<\/strong><\/p><p><strong>18h<\/strong><br \/><em><strong>DAY WITH(OUT) ART 2022: SIENDO Y PERTENECIENDO<\/strong><\/em><br \/>&#8211; Memoria Vertical, de Camila Arce &#8211; 4\u201941\u2019\u2019 | Argentina, 2022<br \/>&#8211; Los Amarillos, de Santiago Lemus y Camilo Acosta Huntertexas &#8211; 10\u201916\u2019\u2019 | Colombia, 2022<br \/>&#8211; Lxs dxs bichudas, de Jhoel Zempoalteca y La Jerry &#8211; 7\u201933\u2019\u2019 | M\u00e9xico, 2022<br \/>&#8211; Red Flags, a love letter, de Mikiki &#8211; 9\u201930\u2019\u2019 | Canad\u00e1, 2022<br \/>&#8211; Here We Are: Voices of Black Women Who Live with HIV, de Davina \u201cDee\u201d Conner and Karin Hayes &#8211; 6\u201953\u2019\u2019 | Estados Unidos, 2022<br \/>&#8211; Kiss of Life, de Clifford Prince King &#8211; 7\u201916\u2019\u2019 | Estados Unidos, 2022<br \/>&#8211; Nuance, de Jaewon Kim &#8211; 6\u201913\u2019\u2019 | Corea del Sur, 2022<\/p><p><strong>20h<\/strong><br \/><em><strong>EL COSO<\/strong><\/em><br \/>Documental | Argentina, 2022 | 73\u2019 | ATP | Dir: N\u00e9stor Frenkel<\/p><p><strong>Viernes 16, 20h<\/strong><\/p><p><em><strong>LA HU\u00c9RFANA<\/strong><\/em><br \/>Thriller, Terror | 2009 | 123&#8242; | +16 | Dir: Jaume Collet-Serra 2009<\/p><p><strong>S\u00e1bado 17, 20h<\/strong><\/p><p><em><strong>SO\u00d1AR, SO\u00d1AR<\/strong><\/em><br \/>Comedia | Argentina, 1976 | 85&#8242; | ATP | Dir: Leonardo Favio<\/p><p><strong>Jueves 22, 20h<\/strong><\/p><p><em><strong>TODO EL A\u00d1O ES NAVIDAD<\/strong><\/em><br \/>Documental | Argentina, 2018 | 76\u2019 | ATP | Dir: N\u00e9stor Frenkel<\/p><p><strong>VIERNES 23, 20h<\/strong><\/p><p><em><strong>GRINDHOUSE: PLANET TERROR<\/strong><\/em><br \/>Thriller, Terror | EEUU, 2007 | 95&#8242; | +16 | Dir: Robert Rodriguez<\/p><p><strong>JUEVES 29, 20h<\/strong><\/p><p><em><strong>LUMI\u00c8RE ET COMPAGNIE | Lumi\u00e8re y compa\u00f1\u00eda<\/strong><\/em><br \/>Documental | Francia, Espa\u00f1a, Dinamarca, Suecia, 1995 | 88&#8242;<\/p>\t\t\t\t\t\t\t\t<\/div>\n\t\t\t\t<\/div>\n\t\t\t\t\t<\/div>\n\t\t<\/div>\n\t\t\t\t\t<\/div>\n\t\t<\/section>\n\t\t\t\t<\/div>\n\t\t","protected":false},"excerpt":{"rendered":"<p>Diciembre se avecina con grandes pel\u00edculas, estrenos, cl\u00e1sicos, homenaje, cortos y espect\u00e1culo, DICIEMBRE M\u00c1S CINE en Cine Lumi\u00e8re. Desde el 1\u00b0 y hasta el 29 la cartelera no descansa y nos trae la \u00faltima pel\u00edcula de N\u00e9stor Frenkel. El director que el a\u00f1o pasado recibi\u00f3 el Premio Konex como uno de los cinco documentalistas destacados [&hellip;]<\/p>\n","protected":false},"author":4,"featured_media":5336,"comment_status":"closed","ping_status":"closed","sticky":false,"template":"","format":"standard","meta":{"_exactmetrics_skip_tracking":false,"_exactmetrics_sitenote_active":false,"_exactmetrics_sitenote_note":"","_exactmetrics_sitenote_category":0,"footnotes":""},"categories":[1],"tags":[],"class_list":["post-5529","post","type-post","status-publish","format-standard","has-post-thumbnail","hentry","category-sin-categoria"],"yoast_head":"<!-- This site is optimized with the Yoast SEO plugin v25.6 - https:\/\/yoast.com\/wordpress\/plugins\/seo\/ -->\n<title>DICIEMBRE M\u00c1S CINE - Centro Cultural Cine Lumi\u00e8re<\/title>\n<meta name=\"robots\" content=\"index, follow, max-snippet:-1, max-image-preview:large, max-video-preview:-1\" \/>\n<link rel=\"canonical\" href=\"https:\/\/lumiererosario.gob.ar\/web\/diciembre-mas-cine\/\" \/>\n<meta property=\"og:locale\" content=\"es_ES\" \/>\n<meta property=\"og:type\" content=\"article\" \/>\n<meta property=\"og:title\" content=\"DICIEMBRE M\u00c1S CINE - Centro Cultural Cine Lumi\u00e8re\" \/>\n<meta property=\"og:description\" content=\"Diciembre se avecina con grandes pel\u00edculas, estrenos, cl\u00e1sicos, homenaje, cortos y espect\u00e1culo, DICIEMBRE M\u00c1S CINE en Cine Lumi\u00e8re. Desde el 1\u00b0 y hasta el 29 la cartelera no descansa y nos trae la \u00faltima pel\u00edcula de N\u00e9stor Frenkel. El director que el a\u00f1o pasado recibi\u00f3 el Premio Konex como uno de los cinco documentalistas destacados [&hellip;]\" \/>\n<meta property=\"og:url\" content=\"https:\/\/lumiererosario.gob.ar\/web\/diciembre-mas-cine\/\" \/>\n<meta property=\"og:site_name\" content=\"Centro Cultural Cine Lumi\u00e8re\" \/>\n<meta property=\"article:publisher\" content=\"https:\/\/es-la.facebook.com\/CentroCulturalCineLumiere\/\" \/>\n<meta property=\"article:published_time\" content=\"2022-11-30T13:22:36+00:00\" \/>\n<meta property=\"article:modified_time\" content=\"2022-12-05T11:53:39+00:00\" \/>\n<meta property=\"og:image\" content=\"https:\/\/lumiererosario.gob.ar\/web\/wp-content\/uploads\/2022\/11\/todo_el_ano_es_navidad.jpg\" \/>\n\t<meta property=\"og:image:width\" content=\"762\" \/>\n\t<meta property=\"og:image:height\" content=\"422\" \/>\n\t<meta property=\"og:image:type\" content=\"image\/jpeg\" \/>\n<meta name=\"author\" content=\"Lumiere\" \/>\n<meta name=\"twitter:label1\" content=\"Escrito por\" \/>\n\t<meta name=\"twitter:data1\" content=\"Lumiere\" \/>\n\t<meta name=\"twitter:label2\" content=\"Tiempo de lectura\" \/>\n\t<meta name=\"twitter:data2\" content=\"4 minutos\" \/>\n<script type=\"application\/ld+json\" class=\"yoast-schema-graph\">{\"@context\":\"https:\/\/schema.org\",\"@graph\":[{\"@type\":\"Article\",\"@id\":\"https:\/\/lumiererosario.gob.ar\/web\/diciembre-mas-cine\/#article\",\"isPartOf\":{\"@id\":\"https:\/\/lumiererosario.gob.ar\/web\/diciembre-mas-cine\/\"},\"author\":{\"name\":\"Lumiere\",\"@id\":\"https:\/\/lumiererosario.gob.ar\/web\/#\/schema\/person\/b277aa5b6373bead2f9f24d8a4685515\"},\"headline\":\"DICIEMBRE M\u00c1S CINE\",\"datePublished\":\"2022-11-30T13:22:36+00:00\",\"dateModified\":\"2022-12-05T11:53:39+00:00\",\"mainEntityOfPage\":{\"@id\":\"https:\/\/lumiererosario.gob.ar\/web\/diciembre-mas-cine\/\"},\"wordCount\":735,\"publisher\":{\"@id\":\"https:\/\/lumiererosario.gob.ar\/web\/#organization\"},\"image\":{\"@id\":\"https:\/\/lumiererosario.gob.ar\/web\/diciembre-mas-cine\/#primaryimage\"},\"thumbnailUrl\":\"https:\/\/lumiererosario.gob.ar\/web\/wp-content\/uploads\/2022\/11\/todo_el_ano_es_navidad.jpg\",\"inLanguage\":\"es\"},{\"@type\":\"WebPage\",\"@id\":\"https:\/\/lumiererosario.gob.ar\/web\/diciembre-mas-cine\/\",\"url\":\"https:\/\/lumiererosario.gob.ar\/web\/diciembre-mas-cine\/\",\"name\":\"DICIEMBRE M\u00c1S CINE - Centro Cultural Cine Lumi\u00e8re\",\"isPartOf\":{\"@id\":\"https:\/\/lumiererosario.gob.ar\/web\/#website\"},\"primaryImageOfPage\":{\"@id\":\"https:\/\/lumiererosario.gob.ar\/web\/diciembre-mas-cine\/#primaryimage\"},\"image\":{\"@id\":\"https:\/\/lumiererosario.gob.ar\/web\/diciembre-mas-cine\/#primaryimage\"},\"thumbnailUrl\":\"https:\/\/lumiererosario.gob.ar\/web\/wp-content\/uploads\/2022\/11\/todo_el_ano_es_navidad.jpg\",\"datePublished\":\"2022-11-30T13:22:36+00:00\",\"dateModified\":\"2022-12-05T11:53:39+00:00\",\"breadcrumb\":{\"@id\":\"https:\/\/lumiererosario.gob.ar\/web\/diciembre-mas-cine\/#breadcrumb\"},\"inLanguage\":\"es\",\"potentialAction\":[{\"@type\":\"ReadAction\",\"target\":[\"https:\/\/lumiererosario.gob.ar\/web\/diciembre-mas-cine\/\"]}]},{\"@type\":\"ImageObject\",\"inLanguage\":\"es\",\"@id\":\"https:\/\/lumiererosario.gob.ar\/web\/diciembre-mas-cine\/#primaryimage\",\"url\":\"https:\/\/lumiererosario.gob.ar\/web\/wp-content\/uploads\/2022\/11\/todo_el_ano_es_navidad.jpg\",\"contentUrl\":\"https:\/\/lumiererosario.gob.ar\/web\/wp-content\/uploads\/2022\/11\/todo_el_ano_es_navidad.jpg\",\"width\":762,\"height\":422},{\"@type\":\"BreadcrumbList\",\"@id\":\"https:\/\/lumiererosario.gob.ar\/web\/diciembre-mas-cine\/#breadcrumb\",\"itemListElement\":[{\"@type\":\"ListItem\",\"position\":1,\"name\":\"Portada\",\"item\":\"https:\/\/lumiererosario.gob.ar\/web\/\"},{\"@type\":\"ListItem\",\"position\":2,\"name\":\"DICIEMBRE M\u00c1S CINE\"}]},{\"@type\":\"WebSite\",\"@id\":\"https:\/\/lumiererosario.gob.ar\/web\/#website\",\"url\":\"https:\/\/lumiererosario.gob.ar\/web\/\",\"name\":\"Centro Cultural Cine Lumi\u00e8re\",\"description\":\"Cine Lumi\u00e8re es el cine p\u00fablico de Municipalidad de Rosario\",\"publisher\":{\"@id\":\"https:\/\/lumiererosario.gob.ar\/web\/#organization\"},\"potentialAction\":[{\"@type\":\"SearchAction\",\"target\":{\"@type\":\"EntryPoint\",\"urlTemplate\":\"https:\/\/lumiererosario.gob.ar\/web\/?s={search_term_string}\"},\"query-input\":{\"@type\":\"PropertyValueSpecification\",\"valueRequired\":true,\"valueName\":\"search_term_string\"}}],\"inLanguage\":\"es\"},{\"@type\":\"Organization\",\"@id\":\"https:\/\/lumiererosario.gob.ar\/web\/#organization\",\"name\":\"Centro Cultural Cine Lumi\u00e8re\",\"url\":\"https:\/\/lumiererosario.gob.ar\/web\/\",\"logo\":{\"@type\":\"ImageObject\",\"inLanguage\":\"es\",\"@id\":\"https:\/\/lumiererosario.gob.ar\/web\/#\/schema\/logo\/image\/\",\"url\":\"https:\/\/lumiererosario.gob.ar\/web\/wp-content\/uploads\/2019\/10\/logo-lumiere.png\",\"contentUrl\":\"https:\/\/lumiererosario.gob.ar\/web\/wp-content\/uploads\/2019\/10\/logo-lumiere.png\",\"width\":350,\"height\":175,\"caption\":\"Centro Cultural Cine Lumi\u00e8re\"},\"image\":{\"@id\":\"https:\/\/lumiererosario.gob.ar\/web\/#\/schema\/logo\/image\/\"},\"sameAs\":[\"https:\/\/es-la.facebook.com\/CentroCulturalCineLumiere\/\",\"https:\/\/www.instagram.com\/cccinelumiere\/\",\"https:\/\/www.youtube.com\/channel\/UCuhG8G0hl5YdZz-j9xf2muQ\/videos\"]},{\"@type\":\"Person\",\"@id\":\"https:\/\/lumiererosario.gob.ar\/web\/#\/schema\/person\/b277aa5b6373bead2f9f24d8a4685515\",\"name\":\"Lumiere\",\"image\":{\"@type\":\"ImageObject\",\"inLanguage\":\"es\",\"@id\":\"https:\/\/lumiererosario.gob.ar\/web\/#\/schema\/person\/image\/\",\"url\":\"https:\/\/secure.gravatar.com\/avatar\/023d2460701349f67fb8c23441481066?s=96&d=mm&r=g\",\"contentUrl\":\"https:\/\/secure.gravatar.com\/avatar\/023d2460701349f67fb8c23441481066?s=96&d=mm&r=g\",\"caption\":\"Lumiere\"}}]}<\/script>\n<!-- \/ Yoast SEO plugin. -->","yoast_head_json":{"title":"DICIEMBRE M\u00c1S CINE - Centro Cultural Cine Lumi\u00e8re","robots":{"index":"index","follow":"follow","max-snippet":"max-snippet:-1","max-image-preview":"max-image-preview:large","max-video-preview":"max-video-preview:-1"},"canonical":"https:\/\/lumiererosario.gob.ar\/web\/diciembre-mas-cine\/","og_locale":"es_ES","og_type":"article","og_title":"DICIEMBRE M\u00c1S CINE - Centro Cultural Cine Lumi\u00e8re","og_description":"Diciembre se avecina con grandes pel\u00edculas, estrenos, cl\u00e1sicos, homenaje, cortos y espect\u00e1culo, DICIEMBRE M\u00c1S CINE en Cine Lumi\u00e8re. Desde el 1\u00b0 y hasta el 29 la cartelera no descansa y nos trae la \u00faltima pel\u00edcula de N\u00e9stor Frenkel. El director que el a\u00f1o pasado recibi\u00f3 el Premio Konex como uno de los cinco documentalistas destacados [&hellip;]","og_url":"https:\/\/lumiererosario.gob.ar\/web\/diciembre-mas-cine\/","og_site_name":"Centro Cultural Cine Lumi\u00e8re","article_publisher":"https:\/\/es-la.facebook.com\/CentroCulturalCineLumiere\/","article_published_time":"2022-11-30T13:22:36+00:00","article_modified_time":"2022-12-05T11:53:39+00:00","og_image":[{"width":762,"height":422,"url":"https:\/\/lumiererosario.gob.ar\/web\/wp-content\/uploads\/2022\/11\/todo_el_ano_es_navidad.jpg","type":"image\/jpeg"}],"author":"Lumiere","twitter_misc":{"Escrito por":"Lumiere","Tiempo de lectura":"4 minutos"},"schema":{"@context":"https:\/\/schema.org","@graph":[{"@type":"Article","@id":"https:\/\/lumiererosario.gob.ar\/web\/diciembre-mas-cine\/#article","isPartOf":{"@id":"https:\/\/lumiererosario.gob.ar\/web\/diciembre-mas-cine\/"},"author":{"name":"Lumiere","@id":"https:\/\/lumiererosario.gob.ar\/web\/#\/schema\/person\/b277aa5b6373bead2f9f24d8a4685515"},"headline":"DICIEMBRE M\u00c1S CINE","datePublished":"2022-11-30T13:22:36+00:00","dateModified":"2022-12-05T11:53:39+00:00","mainEntityOfPage":{"@id":"https:\/\/lumiererosario.gob.ar\/web\/diciembre-mas-cine\/"},"wordCount":735,"publisher":{"@id":"https:\/\/lumiererosario.gob.ar\/web\/#organization"},"image":{"@id":"https:\/\/lumiererosario.gob.ar\/web\/diciembre-mas-cine\/#primaryimage"},"thumbnailUrl":"https:\/\/lumiererosario.gob.ar\/web\/wp-content\/uploads\/2022\/11\/todo_el_ano_es_navidad.jpg","inLanguage":"es"},{"@type":"WebPage","@id":"https:\/\/lumiererosario.gob.ar\/web\/diciembre-mas-cine\/","url":"https:\/\/lumiererosario.gob.ar\/web\/diciembre-mas-cine\/","name":"DICIEMBRE M\u00c1S CINE - Centro Cultural Cine Lumi\u00e8re","isPartOf":{"@id":"https:\/\/lumiererosario.gob.ar\/web\/#website"},"primaryImageOfPage":{"@id":"https:\/\/lumiererosario.gob.ar\/web\/diciembre-mas-cine\/#primaryimage"},"image":{"@id":"https:\/\/lumiererosario.gob.ar\/web\/diciembre-mas-cine\/#primaryimage"},"thumbnailUrl":"https:\/\/lumiererosario.gob.ar\/web\/wp-content\/uploads\/2022\/11\/todo_el_ano_es_navidad.jpg","datePublished":"2022-11-30T13:22:36+00:00","dateModified":"2022-12-05T11:53:39+00:00","breadcrumb":{"@id":"https:\/\/lumiererosario.gob.ar\/web\/diciembre-mas-cine\/#breadcrumb"},"inLanguage":"es","potentialAction":[{"@type":"ReadAction","target":["https:\/\/lumiererosario.gob.ar\/web\/diciembre-mas-cine\/"]}]},{"@type":"ImageObject","inLanguage":"es","@id":"https:\/\/lumiererosario.gob.ar\/web\/diciembre-mas-cine\/#primaryimage","url":"https:\/\/lumiererosario.gob.ar\/web\/wp-content\/uploads\/2022\/11\/todo_el_ano_es_navidad.jpg","contentUrl":"https:\/\/lumiererosario.gob.ar\/web\/wp-content\/uploads\/2022\/11\/todo_el_ano_es_navidad.jpg","width":762,"height":422},{"@type":"BreadcrumbList","@id":"https:\/\/lumiererosario.gob.ar\/web\/diciembre-mas-cine\/#breadcrumb","itemListElement":[{"@type":"ListItem","position":1,"name":"Portada","item":"https:\/\/lumiererosario.gob.ar\/web\/"},{"@type":"ListItem","position":2,"name":"DICIEMBRE M\u00c1S CINE"}]},{"@type":"WebSite","@id":"https:\/\/lumiererosario.gob.ar\/web\/#website","url":"https:\/\/lumiererosario.gob.ar\/web\/","name":"Centro Cultural Cine Lumi\u00e8re","description":"Cine Lumi\u00e8re es el cine p\u00fablico de Municipalidad de Rosario","publisher":{"@id":"https:\/\/lumiererosario.gob.ar\/web\/#organization"},"potentialAction":[{"@type":"SearchAction","target":{"@type":"EntryPoint","urlTemplate":"https:\/\/lumiererosario.gob.ar\/web\/?s={search_term_string}"},"query-input":{"@type":"PropertyValueSpecification","valueRequired":true,"valueName":"search_term_string"}}],"inLanguage":"es"},{"@type":"Organization","@id":"https:\/\/lumiererosario.gob.ar\/web\/#organization","name":"Centro Cultural Cine Lumi\u00e8re","url":"https:\/\/lumiererosario.gob.ar\/web\/","logo":{"@type":"ImageObject","inLanguage":"es","@id":"https:\/\/lumiererosario.gob.ar\/web\/#\/schema\/logo\/image\/","url":"https:\/\/lumiererosario.gob.ar\/web\/wp-content\/uploads\/2019\/10\/logo-lumiere.png","contentUrl":"https:\/\/lumiererosario.gob.ar\/web\/wp-content\/uploads\/2019\/10\/logo-lumiere.png","width":350,"height":175,"caption":"Centro Cultural Cine Lumi\u00e8re"},"image":{"@id":"https:\/\/lumiererosario.gob.ar\/web\/#\/schema\/logo\/image\/"},"sameAs":["https:\/\/es-la.facebook.com\/CentroCulturalCineLumiere\/","https:\/\/www.instagram.com\/cccinelumiere\/","https:\/\/www.youtube.com\/channel\/UCuhG8G0hl5YdZz-j9xf2muQ\/videos"]},{"@type":"Person","@id":"https:\/\/lumiererosario.gob.ar\/web\/#\/schema\/person\/b277aa5b6373bead2f9f24d8a4685515","name":"Lumiere","image":{"@type":"ImageObject","inLanguage":"es","@id":"https:\/\/lumiererosario.gob.ar\/web\/#\/schema\/person\/image\/","url":"https:\/\/secure.gravatar.com\/avatar\/023d2460701349f67fb8c23441481066?s=96&d=mm&r=g","contentUrl":"https:\/\/secure.gravatar.com\/avatar\/023d2460701349f67fb8c23441481066?s=96&d=mm&r=g","caption":"Lumiere"}}]}},"_links":{"self":[{"href":"https:\/\/lumiererosario.gob.ar\/web\/wp-json\/wp\/v2\/posts\/5529"}],"collection":[{"href":"https:\/\/lumiererosario.gob.ar\/web\/wp-json\/wp\/v2\/posts"}],"about":[{"href":"https:\/\/lumiererosario.gob.ar\/web\/wp-json\/wp\/v2\/types\/post"}],"author":[{"embeddable":true,"href":"https:\/\/lumiererosario.gob.ar\/web\/wp-json\/wp\/v2\/users\/4"}],"replies":[{"embeddable":true,"href":"https:\/\/lumiererosario.gob.ar\/web\/wp-json\/wp\/v2\/comments?post=5529"}],"version-history":[{"count":26,"href":"https:\/\/lumiererosario.gob.ar\/web\/wp-json\/wp\/v2\/posts\/5529\/revisions"}],"predecessor-version":[{"id":5566,"href":"https:\/\/lumiererosario.gob.ar\/web\/wp-json\/wp\/v2\/posts\/5529\/revisions\/5566"}],"wp:featuredmedia":[{"embeddable":true,"href":"https:\/\/lumiererosario.gob.ar\/web\/wp-json\/wp\/v2\/media\/5336"}],"wp:attachment":[{"href":"https:\/\/lumiererosario.gob.ar\/web\/wp-json\/wp\/v2\/media?parent=5529"}],"wp:term":[{"taxonomy":"category","embeddable":true,"href":"https:\/\/lumiererosario.gob.ar\/web\/wp-json\/wp\/v2\/categories?post=5529"},{"taxonomy":"post_tag","embeddable":true,"href":"https:\/\/lumiererosario.gob.ar\/web\/wp-json\/wp\/v2\/tags?post=5529"}],"curies":[{"name":"wp","href":"https:\/\/api.w.org\/{rel}","templated":true}]}}