{"id":402,"date":"2020-05-25T11:42:00","date_gmt":"2020-05-25T11:42:00","guid":{"rendered":"http:\/\/lumiererosario.gob.ar\/web\/?p=402"},"modified":"2020-10-06T15:06:55","modified_gmt":"2020-10-06T15:06:55","slug":"convocatoria-a-fotografos-2020","status":"publish","type":"post","link":"https:\/\/lumiererosario.gob.ar\/web\/convocatoria-a-fotografos-2020\/","title":{"rendered":"Convocatoria a fot\u00f3grafos 2020"},"content":{"rendered":"\n<p>El Centro Cultural Cine Lumi\u00e8re, de la Secretar\u00eda de Cultura y Educaci\u00f3n municipal, convoca a fot\u00f3grafos a presentar proyectos para mostrar sus obras en la sala de exposiciones de la instituci\u00f3n (V\u00e9lez Sarsfield 1027) durante el a\u00f1o 2020. <br>Los proyectos ser\u00e1n sometidos a una selecci\u00f3n a cargo de un equipo de curadores conformado por fot\u00f3grafos, artistas locales y personal del Centro Cultural Cine Lumi\u00e8re. Los resultados se publicar\u00e1n en el sitio web <a href=\"http:\/\/www.lumiererosario.gob.ar\">www.lumiererosario.gob.ar<\/a>&nbsp; y en la fan page de Facebook del centro cultural. <br><\/p>\n\n\n\n<p>La presentaci\u00f3n deber\u00e1 realizarse <strong>hasta el 2 de octubre del 2020<\/strong> v\u00eda correo electr\u00f3nico a <\/p>\n\n\n\n<p><strong>V\u00cdA CORREO ELECTR\u00d3NICO (<\/strong><a href=\"mailto:comunicacionlumiere@rosario.gob.ar\"><strong>comunicacionlumiere@rosario.gob.ar<\/strong><\/a><strong>) &nbsp;<\/strong>Asunto\n\u201cconvocatoria fot\u00f3grafos 2020\u201d, teniendo en cuenta que todo el correo no debe\nsuperar los 5 MB.<\/p>\n\n\n\n<p><strong>Se deber\u00e1n enviar los\nsiguientes archivos:<\/strong><\/p>\n\n\n\n<ol class=\"wp-block-list\"><li><strong>Archivo de texto con los datos personales del\/os expositores <\/strong>(Nombre y apellido, DNI, correo electr\u00f3nico, tel\u00e9fonos y breve\nCV)&nbsp; <\/li><li><strong>Archivo de texto con la informaci\u00f3n de la muestra<\/strong> (t\u00edtulo, breve introducci\u00f3n o justificaci\u00f3n, t\u00e9cnica, cantidad de\nim\u00e1genes que desee exponer, tama\u00f1o y soporte de las mismas)<\/li><li><strong>Cinco im\u00e1genes en archivo jpg <\/strong>de baja\ncalidad (10&#215;15 a 72 dpi) del material a exponer.<\/li><\/ol>\n\n\n\n<p>Podr\u00e1n presentarse artistas o grupos de la\nciudad de Rosario y \u00e1rea metropolitana. Los menores de edad deber\u00e1n tener\nautorizaci\u00f3n escrita firmada por sus padres\/tutor en caso de que sus proyectos\nsean seleccionados. <\/p>\n\n\n\n<p>La tem\u00e1tica es libre. Se puede descargar o consultar en nuestro\nsitio web <a href=\"http:\/\/www.lumiererosario.gob.ar\">www.lumiererosario.gob.ar<\/a>\n&nbsp;el plano de la sala con las medidas y\nespacios disponibles para montaje. La cantidad de obras depender\u00e1 del tama\u00f1o de\nlas fotograf\u00edas a exponer. &nbsp;Cabe destacar\nque no se permite perforar las paredes, ni intervenir la pintura o la sala con\ncinta bi faz, rotulados y otros materiales. <\/p>\n\n\n\n<p><strong>No se incluyen los costos de impresi\u00f3n ni traslado de obra. <\/strong><\/p>\n\n\n\n<p><strong>Sobre la sala<\/strong><br>Durante el a\u00f1o 2016, desde el Centro Cultural se decidi\u00f3 refuncionalizar la sala de exposiciones, invitando a fot\u00f3grafos a mostrar sus obras, con inauguraciones que coincidieran con las funciones de cine, con el objetivo de acercar a ese p\u00fablico cautivo una nueva propuesta cultural.&nbsp; En algunas oportunidades la tem\u00e1tica de la muestra coincidi\u00f3 con la pel\u00edcula proyectada o con el ciclo de cine del mes. <br> En 2017 se lanz\u00f3 la primera convocatoria abierta a la cual se presentaron m\u00e1s de 90 proyectos. Durante 2019 se expusieron 4 proyectos: <em>Y de tarde so\u00f1amos nuestras vidas<\/em>, de Daniel Aime; <em>Beretta, lo que el tren se llev\u00f3<\/em>, de Virginia Dellepiane; <em>Manifiesto. Ex combatientes contra la vulnerabilidad<\/em>, de Gabriel Avellaneda y <em>Delator solar<\/em>, de Kumei Kirshman. El jurado estuvo compuesto por Florencia Luchessi, Mariana Terrile y Alejandro Lamas. <br><\/p>\n\n\n\n<p>M\u00e1s informaci\u00f3n: comunicacionlumiere@rosario.gov.ar\no a trav\u00e9s de nuestra fan page de Facebook.<\/p>\n","protected":false},"excerpt":{"rendered":"<p>El Centro Cultural Cine Lumi\u00e8re, de la Secretar\u00eda de Cultura y Educaci\u00f3n municipal, convoca a fot\u00f3grafos a presentar proyectos para mostrar sus obras en la sala de exposiciones de la instituci\u00f3n (V\u00e9lez Sarsfield 1027) durante el a\u00f1o 2020. Los proyectos ser\u00e1n sometidos a una selecci\u00f3n a cargo de un equipo de curadores conformado por fot\u00f3grafos, [&hellip;]<\/p>\n","protected":false},"author":4,"featured_media":403,"comment_status":"open","ping_status":"closed","sticky":false,"template":"","format":"standard","meta":{"_exactmetrics_skip_tracking":false,"_exactmetrics_sitenote_active":false,"_exactmetrics_sitenote_note":"","_exactmetrics_sitenote_category":0,"footnotes":""},"categories":[6],"tags":[38,18,37,39,40,41],"class_list":["post-402","post","type-post","status-publish","format-standard","has-post-thumbnail","hentry","category-noticias","tag-convocatoria","tag-cultura","tag-fotografia-2","tag-fotos","tag-muestra","tag-rosario"],"yoast_head":"<!-- This site is optimized with the Yoast SEO plugin v25.6 - https:\/\/yoast.com\/wordpress\/plugins\/seo\/ -->\n<title>Convocatoria a fot\u00f3grafos 2020 - Centro Cultural Cine Lumi\u00e8re<\/title>\n<meta name=\"robots\" content=\"index, follow, max-snippet:-1, max-image-preview:large, max-video-preview:-1\" \/>\n<link rel=\"canonical\" href=\"https:\/\/lumiererosario.gob.ar\/web\/convocatoria-a-fotografos-2020\/\" \/>\n<meta property=\"og:locale\" content=\"es_ES\" \/>\n<meta property=\"og:type\" content=\"article\" \/>\n<meta property=\"og:title\" content=\"Convocatoria a fot\u00f3grafos 2020 - Centro Cultural Cine Lumi\u00e8re\" \/>\n<meta property=\"og:description\" content=\"El Centro Cultural Cine Lumi\u00e8re, de la Secretar\u00eda de Cultura y Educaci\u00f3n municipal, convoca a fot\u00f3grafos a presentar proyectos para mostrar sus obras en la sala de exposiciones de la instituci\u00f3n (V\u00e9lez Sarsfield 1027) durante el a\u00f1o 2020. Los proyectos ser\u00e1n sometidos a una selecci\u00f3n a cargo de un equipo de curadores conformado por fot\u00f3grafos, [&hellip;]\" \/>\n<meta property=\"og:url\" content=\"https:\/\/lumiererosario.gob.ar\/web\/convocatoria-a-fotografos-2020\/\" \/>\n<meta property=\"og:site_name\" content=\"Centro Cultural Cine Lumi\u00e8re\" \/>\n<meta property=\"article:publisher\" content=\"https:\/\/es-la.facebook.com\/CentroCulturalCineLumiere\/\" \/>\n<meta property=\"article:published_time\" content=\"2020-05-25T11:42:00+00:00\" \/>\n<meta property=\"article:modified_time\" content=\"2020-10-06T15:06:55+00:00\" \/>\n<meta property=\"og:image\" content=\"https:\/\/lumiererosario.gob.ar\/web\/wp-content\/uploads\/2020\/03\/photographer-2179204_960_720.jpg\" \/>\n\t<meta property=\"og:image:width\" content=\"960\" \/>\n\t<meta property=\"og:image:height\" content=\"540\" \/>\n\t<meta property=\"og:image:type\" content=\"image\/jpeg\" \/>\n<meta name=\"author\" content=\"Lumiere\" \/>\n<meta name=\"twitter:label1\" content=\"Escrito por\" \/>\n\t<meta name=\"twitter:data1\" content=\"Lumiere\" \/>\n\t<meta name=\"twitter:label2\" content=\"Tiempo de lectura\" \/>\n\t<meta name=\"twitter:data2\" content=\"2 minutos\" \/>\n<script type=\"application\/ld+json\" class=\"yoast-schema-graph\">{\"@context\":\"https:\/\/schema.org\",\"@graph\":[{\"@type\":\"Article\",\"@id\":\"https:\/\/lumiererosario.gob.ar\/web\/convocatoria-a-fotografos-2020\/#article\",\"isPartOf\":{\"@id\":\"https:\/\/lumiererosario.gob.ar\/web\/convocatoria-a-fotografos-2020\/\"},\"author\":{\"name\":\"Lumiere\",\"@id\":\"https:\/\/lumiererosario.gob.ar\/web\/#\/schema\/person\/b277aa5b6373bead2f9f24d8a4685515\"},\"headline\":\"Convocatoria a fot\u00f3grafos 2020\",\"datePublished\":\"2020-05-25T11:42:00+00:00\",\"dateModified\":\"2020-10-06T15:06:55+00:00\",\"mainEntityOfPage\":{\"@id\":\"https:\/\/lumiererosario.gob.ar\/web\/convocatoria-a-fotografos-2020\/\"},\"wordCount\":501,\"commentCount\":0,\"publisher\":{\"@id\":\"https:\/\/lumiererosario.gob.ar\/web\/#organization\"},\"image\":{\"@id\":\"https:\/\/lumiererosario.gob.ar\/web\/convocatoria-a-fotografos-2020\/#primaryimage\"},\"thumbnailUrl\":\"https:\/\/lumiererosario.gob.ar\/web\/wp-content\/uploads\/2020\/03\/photographer-2179204_960_720.jpg\",\"keywords\":[\"convocatoria\",\"cultura\",\"fotograf\u00eda\",\"fotos\",\"muestra\",\"rosario\"],\"articleSection\":[\"Noticias\"],\"inLanguage\":\"es\",\"potentialAction\":[{\"@type\":\"CommentAction\",\"name\":\"Comment\",\"target\":[\"https:\/\/lumiererosario.gob.ar\/web\/convocatoria-a-fotografos-2020\/#respond\"]}]},{\"@type\":\"WebPage\",\"@id\":\"https:\/\/lumiererosario.gob.ar\/web\/convocatoria-a-fotografos-2020\/\",\"url\":\"https:\/\/lumiererosario.gob.ar\/web\/convocatoria-a-fotografos-2020\/\",\"name\":\"Convocatoria a fot\u00f3grafos 2020 - Centro Cultural Cine Lumi\u00e8re\",\"isPartOf\":{\"@id\":\"https:\/\/lumiererosario.gob.ar\/web\/#website\"},\"primaryImageOfPage\":{\"@id\":\"https:\/\/lumiererosario.gob.ar\/web\/convocatoria-a-fotografos-2020\/#primaryimage\"},\"image\":{\"@id\":\"https:\/\/lumiererosario.gob.ar\/web\/convocatoria-a-fotografos-2020\/#primaryimage\"},\"thumbnailUrl\":\"https:\/\/lumiererosario.gob.ar\/web\/wp-content\/uploads\/2020\/03\/photographer-2179204_960_720.jpg\",\"datePublished\":\"2020-05-25T11:42:00+00:00\",\"dateModified\":\"2020-10-06T15:06:55+00:00\",\"breadcrumb\":{\"@id\":\"https:\/\/lumiererosario.gob.ar\/web\/convocatoria-a-fotografos-2020\/#breadcrumb\"},\"inLanguage\":\"es\",\"potentialAction\":[{\"@type\":\"ReadAction\",\"target\":[\"https:\/\/lumiererosario.gob.ar\/web\/convocatoria-a-fotografos-2020\/\"]}]},{\"@type\":\"ImageObject\",\"inLanguage\":\"es\",\"@id\":\"https:\/\/lumiererosario.gob.ar\/web\/convocatoria-a-fotografos-2020\/#primaryimage\",\"url\":\"https:\/\/lumiererosario.gob.ar\/web\/wp-content\/uploads\/2020\/03\/photographer-2179204_960_720.jpg\",\"contentUrl\":\"https:\/\/lumiererosario.gob.ar\/web\/wp-content\/uploads\/2020\/03\/photographer-2179204_960_720.jpg\",\"width\":960,\"height\":540},{\"@type\":\"BreadcrumbList\",\"@id\":\"https:\/\/lumiererosario.gob.ar\/web\/convocatoria-a-fotografos-2020\/#breadcrumb\",\"itemListElement\":[{\"@type\":\"ListItem\",\"position\":1,\"name\":\"Portada\",\"item\":\"https:\/\/lumiererosario.gob.ar\/web\/\"},{\"@type\":\"ListItem\",\"position\":2,\"name\":\"Convocatoria a fot\u00f3grafos 2020\"}]},{\"@type\":\"WebSite\",\"@id\":\"https:\/\/lumiererosario.gob.ar\/web\/#website\",\"url\":\"https:\/\/lumiererosario.gob.ar\/web\/\",\"name\":\"Centro Cultural Cine Lumi\u00e8re\",\"description\":\"Cine Lumi\u00e8re es el cine p\u00fablico de Municipalidad de Rosario\",\"publisher\":{\"@id\":\"https:\/\/lumiererosario.gob.ar\/web\/#organization\"},\"potentialAction\":[{\"@type\":\"SearchAction\",\"target\":{\"@type\":\"EntryPoint\",\"urlTemplate\":\"https:\/\/lumiererosario.gob.ar\/web\/?s={search_term_string}\"},\"query-input\":{\"@type\":\"PropertyValueSpecification\",\"valueRequired\":true,\"valueName\":\"search_term_string\"}}],\"inLanguage\":\"es\"},{\"@type\":\"Organization\",\"@id\":\"https:\/\/lumiererosario.gob.ar\/web\/#organization\",\"name\":\"Centro Cultural Cine Lumi\u00e8re\",\"url\":\"https:\/\/lumiererosario.gob.ar\/web\/\",\"logo\":{\"@type\":\"ImageObject\",\"inLanguage\":\"es\",\"@id\":\"https:\/\/lumiererosario.gob.ar\/web\/#\/schema\/logo\/image\/\",\"url\":\"https:\/\/lumiererosario.gob.ar\/web\/wp-content\/uploads\/2019\/10\/logo-lumiere.png\",\"contentUrl\":\"https:\/\/lumiererosario.gob.ar\/web\/wp-content\/uploads\/2019\/10\/logo-lumiere.png\",\"width\":350,\"height\":175,\"caption\":\"Centro Cultural Cine Lumi\u00e8re\"},\"image\":{\"@id\":\"https:\/\/lumiererosario.gob.ar\/web\/#\/schema\/logo\/image\/\"},\"sameAs\":[\"https:\/\/es-la.facebook.com\/CentroCulturalCineLumiere\/\",\"https:\/\/www.instagram.com\/cccinelumiere\/\",\"https:\/\/www.youtube.com\/channel\/UCuhG8G0hl5YdZz-j9xf2muQ\/videos\"]},{\"@type\":\"Person\",\"@id\":\"https:\/\/lumiererosario.gob.ar\/web\/#\/schema\/person\/b277aa5b6373bead2f9f24d8a4685515\",\"name\":\"Lumiere\",\"image\":{\"@type\":\"ImageObject\",\"inLanguage\":\"es\",\"@id\":\"https:\/\/lumiererosario.gob.ar\/web\/#\/schema\/person\/image\/\",\"url\":\"https:\/\/secure.gravatar.com\/avatar\/023d2460701349f67fb8c23441481066?s=96&d=mm&r=g\",\"contentUrl\":\"https:\/\/secure.gravatar.com\/avatar\/023d2460701349f67fb8c23441481066?s=96&d=mm&r=g\",\"caption\":\"Lumiere\"}}]}<\/script>\n<!-- \/ Yoast SEO plugin. -->","yoast_head_json":{"title":"Convocatoria a fot\u00f3grafos 2020 - Centro Cultural Cine Lumi\u00e8re","robots":{"index":"index","follow":"follow","max-snippet":"max-snippet:-1","max-image-preview":"max-image-preview:large","max-video-preview":"max-video-preview:-1"},"canonical":"https:\/\/lumiererosario.gob.ar\/web\/convocatoria-a-fotografos-2020\/","og_locale":"es_ES","og_type":"article","og_title":"Convocatoria a fot\u00f3grafos 2020 - Centro Cultural Cine Lumi\u00e8re","og_description":"El Centro Cultural Cine Lumi\u00e8re, de la Secretar\u00eda de Cultura y Educaci\u00f3n municipal, convoca a fot\u00f3grafos a presentar proyectos para mostrar sus obras en la sala de exposiciones de la instituci\u00f3n (V\u00e9lez Sarsfield 1027) durante el a\u00f1o 2020. Los proyectos ser\u00e1n sometidos a una selecci\u00f3n a cargo de un equipo de curadores conformado por fot\u00f3grafos, [&hellip;]","og_url":"https:\/\/lumiererosario.gob.ar\/web\/convocatoria-a-fotografos-2020\/","og_site_name":"Centro Cultural Cine Lumi\u00e8re","article_publisher":"https:\/\/es-la.facebook.com\/CentroCulturalCineLumiere\/","article_published_time":"2020-05-25T11:42:00+00:00","article_modified_time":"2020-10-06T15:06:55+00:00","og_image":[{"width":960,"height":540,"url":"https:\/\/lumiererosario.gob.ar\/web\/wp-content\/uploads\/2020\/03\/photographer-2179204_960_720.jpg","type":"image\/jpeg"}],"author":"Lumiere","twitter_misc":{"Escrito por":"Lumiere","Tiempo de lectura":"2 minutos"},"schema":{"@context":"https:\/\/schema.org","@graph":[{"@type":"Article","@id":"https:\/\/lumiererosario.gob.ar\/web\/convocatoria-a-fotografos-2020\/#article","isPartOf":{"@id":"https:\/\/lumiererosario.gob.ar\/web\/convocatoria-a-fotografos-2020\/"},"author":{"name":"Lumiere","@id":"https:\/\/lumiererosario.gob.ar\/web\/#\/schema\/person\/b277aa5b6373bead2f9f24d8a4685515"},"headline":"Convocatoria a fot\u00f3grafos 2020","datePublished":"2020-05-25T11:42:00+00:00","dateModified":"2020-10-06T15:06:55+00:00","mainEntityOfPage":{"@id":"https:\/\/lumiererosario.gob.ar\/web\/convocatoria-a-fotografos-2020\/"},"wordCount":501,"commentCount":0,"publisher":{"@id":"https:\/\/lumiererosario.gob.ar\/web\/#organization"},"image":{"@id":"https:\/\/lumiererosario.gob.ar\/web\/convocatoria-a-fotografos-2020\/#primaryimage"},"thumbnailUrl":"https:\/\/lumiererosario.gob.ar\/web\/wp-content\/uploads\/2020\/03\/photographer-2179204_960_720.jpg","keywords":["convocatoria","cultura","fotograf\u00eda","fotos","muestra","rosario"],"articleSection":["Noticias"],"inLanguage":"es","potentialAction":[{"@type":"CommentAction","name":"Comment","target":["https:\/\/lumiererosario.gob.ar\/web\/convocatoria-a-fotografos-2020\/#respond"]}]},{"@type":"WebPage","@id":"https:\/\/lumiererosario.gob.ar\/web\/convocatoria-a-fotografos-2020\/","url":"https:\/\/lumiererosario.gob.ar\/web\/convocatoria-a-fotografos-2020\/","name":"Convocatoria a fot\u00f3grafos 2020 - Centro Cultural Cine Lumi\u00e8re","isPartOf":{"@id":"https:\/\/lumiererosario.gob.ar\/web\/#website"},"primaryImageOfPage":{"@id":"https:\/\/lumiererosario.gob.ar\/web\/convocatoria-a-fotografos-2020\/#primaryimage"},"image":{"@id":"https:\/\/lumiererosario.gob.ar\/web\/convocatoria-a-fotografos-2020\/#primaryimage"},"thumbnailUrl":"https:\/\/lumiererosario.gob.ar\/web\/wp-content\/uploads\/2020\/03\/photographer-2179204_960_720.jpg","datePublished":"2020-05-25T11:42:00+00:00","dateModified":"2020-10-06T15:06:55+00:00","breadcrumb":{"@id":"https:\/\/lumiererosario.gob.ar\/web\/convocatoria-a-fotografos-2020\/#breadcrumb"},"inLanguage":"es","potentialAction":[{"@type":"ReadAction","target":["https:\/\/lumiererosario.gob.ar\/web\/convocatoria-a-fotografos-2020\/"]}]},{"@type":"ImageObject","inLanguage":"es","@id":"https:\/\/lumiererosario.gob.ar\/web\/convocatoria-a-fotografos-2020\/#primaryimage","url":"https:\/\/lumiererosario.gob.ar\/web\/wp-content\/uploads\/2020\/03\/photographer-2179204_960_720.jpg","contentUrl":"https:\/\/lumiererosario.gob.ar\/web\/wp-content\/uploads\/2020\/03\/photographer-2179204_960_720.jpg","width":960,"height":540},{"@type":"BreadcrumbList","@id":"https:\/\/lumiererosario.gob.ar\/web\/convocatoria-a-fotografos-2020\/#breadcrumb","itemListElement":[{"@type":"ListItem","position":1,"name":"Portada","item":"https:\/\/lumiererosario.gob.ar\/web\/"},{"@type":"ListItem","position":2,"name":"Convocatoria a fot\u00f3grafos 2020"}]},{"@type":"WebSite","@id":"https:\/\/lumiererosario.gob.ar\/web\/#website","url":"https:\/\/lumiererosario.gob.ar\/web\/","name":"Centro Cultural Cine Lumi\u00e8re","description":"Cine Lumi\u00e8re es el cine p\u00fablico de Municipalidad de Rosario","publisher":{"@id":"https:\/\/lumiererosario.gob.ar\/web\/#organization"},"potentialAction":[{"@type":"SearchAction","target":{"@type":"EntryPoint","urlTemplate":"https:\/\/lumiererosario.gob.ar\/web\/?s={search_term_string}"},"query-input":{"@type":"PropertyValueSpecification","valueRequired":true,"valueName":"search_term_string"}}],"inLanguage":"es"},{"@type":"Organization","@id":"https:\/\/lumiererosario.gob.ar\/web\/#organization","name":"Centro Cultural Cine Lumi\u00e8re","url":"https:\/\/lumiererosario.gob.ar\/web\/","logo":{"@type":"ImageObject","inLanguage":"es","@id":"https:\/\/lumiererosario.gob.ar\/web\/#\/schema\/logo\/image\/","url":"https:\/\/lumiererosario.gob.ar\/web\/wp-content\/uploads\/2019\/10\/logo-lumiere.png","contentUrl":"https:\/\/lumiererosario.gob.ar\/web\/wp-content\/uploads\/2019\/10\/logo-lumiere.png","width":350,"height":175,"caption":"Centro Cultural Cine Lumi\u00e8re"},"image":{"@id":"https:\/\/lumiererosario.gob.ar\/web\/#\/schema\/logo\/image\/"},"sameAs":["https:\/\/es-la.facebook.com\/CentroCulturalCineLumiere\/","https:\/\/www.instagram.com\/cccinelumiere\/","https:\/\/www.youtube.com\/channel\/UCuhG8G0hl5YdZz-j9xf2muQ\/videos"]},{"@type":"Person","@id":"https:\/\/lumiererosario.gob.ar\/web\/#\/schema\/person\/b277aa5b6373bead2f9f24d8a4685515","name":"Lumiere","image":{"@type":"ImageObject","inLanguage":"es","@id":"https:\/\/lumiererosario.gob.ar\/web\/#\/schema\/person\/image\/","url":"https:\/\/secure.gravatar.com\/avatar\/023d2460701349f67fb8c23441481066?s=96&d=mm&r=g","contentUrl":"https:\/\/secure.gravatar.com\/avatar\/023d2460701349f67fb8c23441481066?s=96&d=mm&r=g","caption":"Lumiere"}}]}},"_links":{"self":[{"href":"https:\/\/lumiererosario.gob.ar\/web\/wp-json\/wp\/v2\/posts\/402"}],"collection":[{"href":"https:\/\/lumiererosario.gob.ar\/web\/wp-json\/wp\/v2\/posts"}],"about":[{"href":"https:\/\/lumiererosario.gob.ar\/web\/wp-json\/wp\/v2\/types\/post"}],"author":[{"embeddable":true,"href":"https:\/\/lumiererosario.gob.ar\/web\/wp-json\/wp\/v2\/users\/4"}],"replies":[{"embeddable":true,"href":"https:\/\/lumiererosario.gob.ar\/web\/wp-json\/wp\/v2\/comments?post=402"}],"version-history":[{"count":5,"href":"https:\/\/lumiererosario.gob.ar\/web\/wp-json\/wp\/v2\/posts\/402\/revisions"}],"predecessor-version":[{"id":847,"href":"https:\/\/lumiererosario.gob.ar\/web\/wp-json\/wp\/v2\/posts\/402\/revisions\/847"}],"wp:featuredmedia":[{"embeddable":true,"href":"https:\/\/lumiererosario.gob.ar\/web\/wp-json\/wp\/v2\/media\/403"}],"wp:attachment":[{"href":"https:\/\/lumiererosario.gob.ar\/web\/wp-json\/wp\/v2\/media?parent=402"}],"wp:term":[{"taxonomy":"category","embeddable":true,"href":"https:\/\/lumiererosario.gob.ar\/web\/wp-json\/wp\/v2\/categories?post=402"},{"taxonomy":"post_tag","embeddable":true,"href":"https:\/\/lumiererosario.gob.ar\/web\/wp-json\/wp\/v2\/tags?post=402"}],"curies":[{"name":"wp","href":"https:\/\/api.w.org\/{rel}","templated":true}]}}