{"id":3752,"date":"2022-08-03T16:57:30","date_gmt":"2022-08-03T16:57:30","guid":{"rendered":"http:\/\/lumiererosario.gob.ar\/web\/?p=3752"},"modified":"2022-08-03T17:31:15","modified_gmt":"2022-08-03T17:31:15","slug":"lumiere-instantes-decisivos","status":"publish","type":"post","link":"https:\/\/lumiererosario.gob.ar\/web\/lumiere-instantes-decisivos\/","title":{"rendered":"MUESTRA FOTOGR\u00c1FICA: LUMI\u00c8RE. INSTANTES DECISIVOS"},"content":{"rendered":"\t\t<div data-elementor-type=\"wp-post\" data-elementor-id=\"3752\" class=\"elementor elementor-3752\">\n\t\t\t\t\t\t<section class=\"elementor-section elementor-top-section elementor-element elementor-element-f657031 elementor-section-boxed elementor-section-height-default elementor-section-height-default\" data-id=\"f657031\" data-element_type=\"section\" data-e-type=\"section\">\n\t\t\t\t\t\t<div class=\"elementor-container elementor-column-gap-default\">\n\t\t\t\t\t<div class=\"elementor-column elementor-col-100 elementor-top-column elementor-element elementor-element-35e9379\" data-id=\"35e9379\" data-element_type=\"column\" data-e-type=\"column\">\n\t\t\t<div class=\"elementor-widget-wrap elementor-element-populated\">\n\t\t\t\t\t\t<div class=\"elementor-element elementor-element-8cf9f18 elementor-widget elementor-widget-text-editor\" data-id=\"8cf9f18\" data-element_type=\"widget\" data-e-type=\"widget\" data-widget_type=\"text-editor.default\">\n\t\t\t\t<div class=\"elementor-widget-container\">\n\t\t\t\t\t\t\t\t\t<p>Presentamos una cuidada selecci\u00f3n fotogr\u00e1fica &#8211; tambi\u00e9n caprichosa y azarosa- de 20 peque\u00f1os grandes momentos de los 29 a\u00f1os del Centro Cultural Cine Lumi\u00e8re.<\/p><p>Como dec\u00eda Henry Cartier Bresson, <em>el instante decisivo es el tiempo exacto en el cual se toma la foto, es decir, cuando se \u201calinea la cabeza, el ojo y el coraz\u00f3n\u201d para retratar un momento y volverlo eterno.<\/em><\/p><p>El Lumi\u00e8re como espacio cultural \u2013en todos sus momentos- construy\u00f3 una historia de encuentros. Naci\u00f3 como sal\u00f3n de baile de una asociaci\u00f3n de trabajadores, el paso del tiempo lo transform\u00f3 en el cine del barrio Industrial y en 1993 naci\u00f3 el cap\u00edtulo de Centro Cultural Municipal, un espacio necesario, de puertas abiertas, desde el barrio a toda la ciudad.<\/p><p>La invitaci\u00f3n es a volver a pasar por el coraz\u00f3n estos 20 instantes, tan maravillosos como decisivos, de estos primeros 29 a\u00f1os del Lumi\u00e8re.<\/p><p><strong>Pod\u00e9s visitar la muestra fotogr\u00e1fica los d\u00edas de funci\u00f3n y de lunes a viernes de 9 a 15 h<\/strong><\/p><p><em>*Fotograf\u00edas: Archivo Secretar\u00eda de Cultura y Educaci\u00f3n y Centro Cultural Cine Lumi\u00e8re<\/em><\/p>\t\t\t\t\t\t\t\t<\/div>\n\t\t\t\t<\/div>\n\t\t\t\t\t<\/div>\n\t\t<\/div>\n\t\t\t\t\t<\/div>\n\t\t<\/section>\n\t\t\t\t<section class=\"elementor-section elementor-top-section elementor-element elementor-element-03238b5 elementor-section-boxed elementor-section-height-default elementor-section-height-default\" data-id=\"03238b5\" data-element_type=\"section\" data-e-type=\"section\">\n\t\t\t\t\t\t<div class=\"elementor-container elementor-column-gap-default\">\n\t\t\t\t\t<div class=\"elementor-column elementor-col-100 elementor-top-column elementor-element elementor-element-0db8dec\" data-id=\"0db8dec\" data-element_type=\"column\" data-e-type=\"column\">\n\t\t\t<div class=\"elementor-widget-wrap elementor-element-populated\">\n\t\t\t\t\t\t<div class=\"elementor-element elementor-element-181ff62 elementor-arrows-position-inside elementor-pagination-position-outside elementor-widget elementor-widget-image-carousel\" data-id=\"181ff62\" data-element_type=\"widget\" data-e-type=\"widget\" data-settings=\"{&quot;slides_to_show&quot;:&quot;3&quot;,&quot;slides_to_scroll&quot;:&quot;3&quot;,&quot;navigation&quot;:&quot;both&quot;,&quot;autoplay&quot;:&quot;yes&quot;,&quot;pause_on_hover&quot;:&quot;yes&quot;,&quot;pause_on_interaction&quot;:&quot;yes&quot;,&quot;autoplay_speed&quot;:5000,&quot;infinite&quot;:&quot;yes&quot;,&quot;speed&quot;:500}\" data-widget_type=\"image-carousel.default\">\n\t\t\t\t<div class=\"elementor-widget-container\">\n\t\t\t\t\t\t\t<div class=\"elementor-image-carousel-wrapper swiper\" role=\"region\" aria-roledescription=\"carousel\" aria-label=\"Carrusel de im\u00e1genes\" dir=\"ltr\">\n\t\t\t<div class=\"elementor-image-carousel swiper-wrapper\" aria-live=\"off\">\n\t\t\t\t\t\t\t\t<div class=\"swiper-slide\" role=\"group\" aria-roledescription=\"slide\" aria-label=\"1 de 9\"><figure class=\"swiper-slide-inner\"><img decoding=\"async\" class=\"swiper-slide-image\" src=\"https:\/\/lumiererosario.gob.ar\/web\/wp-content\/uploads\/2022\/08\/cine_35x50-150x150.jpg\" alt=\"cine_35x50\" \/><\/figure><\/div><div class=\"swiper-slide\" role=\"group\" aria-roledescription=\"slide\" aria-label=\"2 de 9\"><figure class=\"swiper-slide-inner\"><img decoding=\"async\" class=\"swiper-slide-image\" src=\"https:\/\/lumiererosario.gob.ar\/web\/wp-content\/uploads\/2022\/08\/carnaval_35x50-150x150.jpg\" alt=\"carnaval_35x50\" \/><\/figure><\/div><div class=\"swiper-slide\" role=\"group\" aria-roledescription=\"slide\" aria-label=\"3 de 9\"><figure class=\"swiper-slide-inner\"><img decoding=\"async\" class=\"swiper-slide-image\" src=\"https:\/\/lumiererosario.gob.ar\/web\/wp-content\/uploads\/2022\/08\/Ninos_35x50-150x150.jpg\" alt=\"Ni\u00f1os_35x50\" \/><\/figure><\/div><div class=\"swiper-slide\" role=\"group\" aria-roledescription=\"slide\" aria-label=\"4 de 9\"><figure class=\"swiper-slide-inner\"><img decoding=\"async\" class=\"swiper-slide-image\" src=\"https:\/\/lumiererosario.gob.ar\/web\/wp-content\/uploads\/2022\/08\/Starwars_50x60-150x150.jpg\" alt=\"Starwars_50x60\" \/><\/figure><\/div><div class=\"swiper-slide\" role=\"group\" aria-roledescription=\"slide\" aria-label=\"5 de 9\"><figure class=\"swiper-slide-inner\"><img decoding=\"async\" class=\"swiper-slide-image\" src=\"https:\/\/lumiererosario.gob.ar\/web\/wp-content\/uploads\/2022\/08\/serenateras_35x50-150x150.jpg\" alt=\"serenateras_35x50\" \/><\/figure><\/div><div class=\"swiper-slide\" role=\"group\" aria-roledescription=\"slide\" aria-label=\"6 de 9\"><figure class=\"swiper-slide-inner\"><img decoding=\"async\" class=\"swiper-slide-image\" src=\"https:\/\/lumiererosario.gob.ar\/web\/wp-content\/uploads\/2022\/08\/Foto-Muestra-Lumiere_35x50-01-150x150.jpg\" alt=\"Foto Muestra Lumi\u00e8re_35x50-01\" \/><\/figure><\/div><div class=\"swiper-slide\" role=\"group\" aria-roledescription=\"slide\" aria-label=\"7 de 9\"><figure class=\"swiper-slide-inner\"><img decoding=\"async\" class=\"swiper-slide-image\" src=\"https:\/\/lumiererosario.gob.ar\/web\/wp-content\/uploads\/2022\/08\/muestra-25-35-x-50-150x150.jpg\" alt=\"muestra 25 35 x 50\" \/><\/figure><\/div><div class=\"swiper-slide\" role=\"group\" aria-roledescription=\"slide\" aria-label=\"8 de 9\"><figure class=\"swiper-slide-inner\"><img decoding=\"async\" class=\"swiper-slide-image\" src=\"https:\/\/lumiererosario.gob.ar\/web\/wp-content\/uploads\/2022\/08\/ballet_35x50-150x150.jpg\" alt=\"ballet_35x50\" \/><\/figure><\/div><div class=\"swiper-slide\" role=\"group\" aria-roledescription=\"slide\" aria-label=\"9 de 9\"><figure class=\"swiper-slide-inner\"><img decoding=\"async\" class=\"swiper-slide-image\" src=\"https:\/\/lumiererosario.gob.ar\/web\/wp-content\/uploads\/2022\/08\/Petit_50x60-150x150.jpg\" alt=\"Petit_50x60\" \/><\/figure><\/div>\t\t\t<\/div>\n\t\t\t\t\t\t\t\t\t\t\t\t<div class=\"elementor-swiper-button elementor-swiper-button-prev\" role=\"button\" tabindex=\"0\">\n\t\t\t\t\t\t<i aria-hidden=\"true\" class=\"eicon-chevron-left\"><\/i>\t\t\t\t\t<\/div>\n\t\t\t\t\t<div class=\"elementor-swiper-button elementor-swiper-button-next\" role=\"button\" tabindex=\"0\">\n\t\t\t\t\t\t<i aria-hidden=\"true\" class=\"eicon-chevron-right\"><\/i>\t\t\t\t\t<\/div>\n\t\t\t\t\n\t\t\t\t\t\t\t\t\t<div class=\"swiper-pagination\"><\/div>\n\t\t\t\t\t\t\t\t\t<\/div>\n\t\t\t\t\t\t<\/div>\n\t\t\t\t<\/div>\n\t\t\t\t\t<\/div>\n\t\t<\/div>\n\t\t\t\t\t<\/div>\n\t\t<\/section>\n\t\t\t\t<\/div>\n\t\t","protected":false},"excerpt":{"rendered":"<p>Presentamos una cuidada selecci\u00f3n fotogr\u00e1fica &#8211; tambi\u00e9n caprichosa y azarosa- de 20 peque\u00f1os grandes momentos de los 29 a\u00f1os del Centro Cultural Cine Lumi\u00e8re. Como dec\u00eda Henry Cartier Bresson, el instante decisivo es el tiempo exacto en el cual se toma la foto, es decir, cuando se \u201calinea la cabeza, el ojo y el coraz\u00f3n\u201d [&hellip;]<\/p>\n","protected":false},"author":4,"featured_media":3761,"comment_status":"closed","ping_status":"closed","sticky":true,"template":"","format":"standard","meta":{"_exactmetrics_skip_tracking":false,"_exactmetrics_sitenote_active":false,"_exactmetrics_sitenote_note":"","_exactmetrics_sitenote_category":0,"footnotes":""},"categories":[6],"tags":[16,113,37,40],"class_list":["post-3752","post","type-post","status-publish","format-standard","has-post-thumbnail","hentry","category-noticias","tag-cine","tag-foto","tag-fotografia-2","tag-muestra"],"yoast_head":"<!-- This site is optimized with the Yoast SEO plugin v25.6 - https:\/\/yoast.com\/wordpress\/plugins\/seo\/ -->\n<title>MUESTRA FOTOGR\u00c1FICA: LUMI\u00c8RE. INSTANTES DECISIVOS - Centro Cultural Cine Lumi\u00e8re<\/title>\n<meta name=\"robots\" content=\"index, follow, max-snippet:-1, max-image-preview:large, max-video-preview:-1\" \/>\n<link rel=\"canonical\" href=\"https:\/\/lumiererosario.gob.ar\/web\/lumiere-instantes-decisivos\/\" \/>\n<meta property=\"og:locale\" content=\"es_ES\" \/>\n<meta property=\"og:type\" content=\"article\" \/>\n<meta property=\"og:title\" content=\"MUESTRA FOTOGR\u00c1FICA: LUMI\u00c8RE. INSTANTES DECISIVOS - Centro Cultural Cine Lumi\u00e8re\" \/>\n<meta property=\"og:description\" content=\"Presentamos una cuidada selecci\u00f3n fotogr\u00e1fica &#8211; tambi\u00e9n caprichosa y azarosa- de 20 peque\u00f1os grandes momentos de los 29 a\u00f1os del Centro Cultural Cine Lumi\u00e8re. Como dec\u00eda Henry Cartier Bresson, el instante decisivo es el tiempo exacto en el cual se toma la foto, es decir, cuando se \u201calinea la cabeza, el ojo y el coraz\u00f3n\u201d [&hellip;]\" \/>\n<meta property=\"og:url\" content=\"https:\/\/lumiererosario.gob.ar\/web\/lumiere-instantes-decisivos\/\" \/>\n<meta property=\"og:site_name\" content=\"Centro Cultural Cine Lumi\u00e8re\" \/>\n<meta property=\"article:publisher\" content=\"https:\/\/es-la.facebook.com\/CentroCulturalCineLumiere\/\" \/>\n<meta property=\"article:published_time\" content=\"2022-08-03T16:57:30+00:00\" \/>\n<meta property=\"article:modified_time\" content=\"2022-08-03T17:31:15+00:00\" \/>\n<meta property=\"og:image\" content=\"https:\/\/lumiererosario.gob.ar\/web\/wp-content\/uploads\/2022\/08\/Ninos_35x50-scaled.jpg\" \/>\n\t<meta property=\"og:image:width\" content=\"2560\" \/>\n\t<meta property=\"og:image:height\" content=\"1792\" \/>\n\t<meta property=\"og:image:type\" content=\"image\/jpeg\" \/>\n<meta name=\"author\" content=\"Lumiere\" \/>\n<meta name=\"twitter:label1\" content=\"Escrito por\" \/>\n\t<meta name=\"twitter:data1\" content=\"Lumiere\" \/>\n\t<meta name=\"twitter:label2\" content=\"Tiempo de lectura\" \/>\n\t<meta name=\"twitter:data2\" content=\"4 minutos\" \/>\n<script type=\"application\/ld+json\" class=\"yoast-schema-graph\">{\"@context\":\"https:\/\/schema.org\",\"@graph\":[{\"@type\":\"Article\",\"@id\":\"https:\/\/lumiererosario.gob.ar\/web\/lumiere-instantes-decisivos\/#article\",\"isPartOf\":{\"@id\":\"https:\/\/lumiererosario.gob.ar\/web\/lumiere-instantes-decisivos\/\"},\"author\":{\"name\":\"Lumiere\",\"@id\":\"https:\/\/lumiererosario.gob.ar\/web\/#\/schema\/person\/b277aa5b6373bead2f9f24d8a4685515\"},\"headline\":\"MUESTRA FOTOGR\u00c1FICA: LUMI\u00c8RE. INSTANTES DECISIVOS\",\"datePublished\":\"2022-08-03T16:57:30+00:00\",\"dateModified\":\"2022-08-03T17:31:15+00:00\",\"mainEntityOfPage\":{\"@id\":\"https:\/\/lumiererosario.gob.ar\/web\/lumiere-instantes-decisivos\/\"},\"wordCount\":202,\"publisher\":{\"@id\":\"https:\/\/lumiererosario.gob.ar\/web\/#organization\"},\"image\":{\"@id\":\"https:\/\/lumiererosario.gob.ar\/web\/lumiere-instantes-decisivos\/#primaryimage\"},\"thumbnailUrl\":\"https:\/\/lumiererosario.gob.ar\/web\/wp-content\/uploads\/2022\/08\/Ninos_35x50-scaled.jpg\",\"keywords\":[\"cine\",\"foto\",\"fotograf\u00eda\",\"muestra\"],\"articleSection\":[\"Noticias\"],\"inLanguage\":\"es\"},{\"@type\":\"WebPage\",\"@id\":\"https:\/\/lumiererosario.gob.ar\/web\/lumiere-instantes-decisivos\/\",\"url\":\"https:\/\/lumiererosario.gob.ar\/web\/lumiere-instantes-decisivos\/\",\"name\":\"MUESTRA FOTOGR\u00c1FICA: LUMI\u00c8RE. INSTANTES DECISIVOS - Centro Cultural Cine Lumi\u00e8re\",\"isPartOf\":{\"@id\":\"https:\/\/lumiererosario.gob.ar\/web\/#website\"},\"primaryImageOfPage\":{\"@id\":\"https:\/\/lumiererosario.gob.ar\/web\/lumiere-instantes-decisivos\/#primaryimage\"},\"image\":{\"@id\":\"https:\/\/lumiererosario.gob.ar\/web\/lumiere-instantes-decisivos\/#primaryimage\"},\"thumbnailUrl\":\"https:\/\/lumiererosario.gob.ar\/web\/wp-content\/uploads\/2022\/08\/Ninos_35x50-scaled.jpg\",\"datePublished\":\"2022-08-03T16:57:30+00:00\",\"dateModified\":\"2022-08-03T17:31:15+00:00\",\"breadcrumb\":{\"@id\":\"https:\/\/lumiererosario.gob.ar\/web\/lumiere-instantes-decisivos\/#breadcrumb\"},\"inLanguage\":\"es\",\"potentialAction\":[{\"@type\":\"ReadAction\",\"target\":[\"https:\/\/lumiererosario.gob.ar\/web\/lumiere-instantes-decisivos\/\"]}]},{\"@type\":\"ImageObject\",\"inLanguage\":\"es\",\"@id\":\"https:\/\/lumiererosario.gob.ar\/web\/lumiere-instantes-decisivos\/#primaryimage\",\"url\":\"https:\/\/lumiererosario.gob.ar\/web\/wp-content\/uploads\/2022\/08\/Ninos_35x50-scaled.jpg\",\"contentUrl\":\"https:\/\/lumiererosario.gob.ar\/web\/wp-content\/uploads\/2022\/08\/Ninos_35x50-scaled.jpg\",\"width\":2560,\"height\":1792},{\"@type\":\"BreadcrumbList\",\"@id\":\"https:\/\/lumiererosario.gob.ar\/web\/lumiere-instantes-decisivos\/#breadcrumb\",\"itemListElement\":[{\"@type\":\"ListItem\",\"position\":1,\"name\":\"Portada\",\"item\":\"https:\/\/lumiererosario.gob.ar\/web\/\"},{\"@type\":\"ListItem\",\"position\":2,\"name\":\"MUESTRA FOTOGR\u00c1FICA: LUMI\u00c8RE. INSTANTES DECISIVOS\"}]},{\"@type\":\"WebSite\",\"@id\":\"https:\/\/lumiererosario.gob.ar\/web\/#website\",\"url\":\"https:\/\/lumiererosario.gob.ar\/web\/\",\"name\":\"Centro Cultural Cine Lumi\u00e8re\",\"description\":\"Cine Lumi\u00e8re es el cine p\u00fablico de Municipalidad de Rosario\",\"publisher\":{\"@id\":\"https:\/\/lumiererosario.gob.ar\/web\/#organization\"},\"potentialAction\":[{\"@type\":\"SearchAction\",\"target\":{\"@type\":\"EntryPoint\",\"urlTemplate\":\"https:\/\/lumiererosario.gob.ar\/web\/?s={search_term_string}\"},\"query-input\":{\"@type\":\"PropertyValueSpecification\",\"valueRequired\":true,\"valueName\":\"search_term_string\"}}],\"inLanguage\":\"es\"},{\"@type\":\"Organization\",\"@id\":\"https:\/\/lumiererosario.gob.ar\/web\/#organization\",\"name\":\"Centro Cultural Cine Lumi\u00e8re\",\"url\":\"https:\/\/lumiererosario.gob.ar\/web\/\",\"logo\":{\"@type\":\"ImageObject\",\"inLanguage\":\"es\",\"@id\":\"https:\/\/lumiererosario.gob.ar\/web\/#\/schema\/logo\/image\/\",\"url\":\"https:\/\/lumiererosario.gob.ar\/web\/wp-content\/uploads\/2019\/10\/logo-lumiere.png\",\"contentUrl\":\"https:\/\/lumiererosario.gob.ar\/web\/wp-content\/uploads\/2019\/10\/logo-lumiere.png\",\"width\":350,\"height\":175,\"caption\":\"Centro Cultural Cine Lumi\u00e8re\"},\"image\":{\"@id\":\"https:\/\/lumiererosario.gob.ar\/web\/#\/schema\/logo\/image\/\"},\"sameAs\":[\"https:\/\/es-la.facebook.com\/CentroCulturalCineLumiere\/\",\"https:\/\/www.instagram.com\/cccinelumiere\/\",\"https:\/\/www.youtube.com\/channel\/UCuhG8G0hl5YdZz-j9xf2muQ\/videos\"]},{\"@type\":\"Person\",\"@id\":\"https:\/\/lumiererosario.gob.ar\/web\/#\/schema\/person\/b277aa5b6373bead2f9f24d8a4685515\",\"name\":\"Lumiere\",\"image\":{\"@type\":\"ImageObject\",\"inLanguage\":\"es\",\"@id\":\"https:\/\/lumiererosario.gob.ar\/web\/#\/schema\/person\/image\/\",\"url\":\"https:\/\/secure.gravatar.com\/avatar\/023d2460701349f67fb8c23441481066?s=96&d=mm&r=g\",\"contentUrl\":\"https:\/\/secure.gravatar.com\/avatar\/023d2460701349f67fb8c23441481066?s=96&d=mm&r=g\",\"caption\":\"Lumiere\"}}]}<\/script>\n<!-- \/ Yoast SEO plugin. -->","yoast_head_json":{"title":"MUESTRA FOTOGR\u00c1FICA: LUMI\u00c8RE. INSTANTES DECISIVOS - Centro Cultural Cine Lumi\u00e8re","robots":{"index":"index","follow":"follow","max-snippet":"max-snippet:-1","max-image-preview":"max-image-preview:large","max-video-preview":"max-video-preview:-1"},"canonical":"https:\/\/lumiererosario.gob.ar\/web\/lumiere-instantes-decisivos\/","og_locale":"es_ES","og_type":"article","og_title":"MUESTRA FOTOGR\u00c1FICA: LUMI\u00c8RE. INSTANTES DECISIVOS - Centro Cultural Cine Lumi\u00e8re","og_description":"Presentamos una cuidada selecci\u00f3n fotogr\u00e1fica &#8211; tambi\u00e9n caprichosa y azarosa- de 20 peque\u00f1os grandes momentos de los 29 a\u00f1os del Centro Cultural Cine Lumi\u00e8re. Como dec\u00eda Henry Cartier Bresson, el instante decisivo es el tiempo exacto en el cual se toma la foto, es decir, cuando se \u201calinea la cabeza, el ojo y el coraz\u00f3n\u201d [&hellip;]","og_url":"https:\/\/lumiererosario.gob.ar\/web\/lumiere-instantes-decisivos\/","og_site_name":"Centro Cultural Cine Lumi\u00e8re","article_publisher":"https:\/\/es-la.facebook.com\/CentroCulturalCineLumiere\/","article_published_time":"2022-08-03T16:57:30+00:00","article_modified_time":"2022-08-03T17:31:15+00:00","og_image":[{"width":2560,"height":1792,"url":"https:\/\/lumiererosario.gob.ar\/web\/wp-content\/uploads\/2022\/08\/Ninos_35x50-scaled.jpg","type":"image\/jpeg"}],"author":"Lumiere","twitter_misc":{"Escrito por":"Lumiere","Tiempo de lectura":"4 minutos"},"schema":{"@context":"https:\/\/schema.org","@graph":[{"@type":"Article","@id":"https:\/\/lumiererosario.gob.ar\/web\/lumiere-instantes-decisivos\/#article","isPartOf":{"@id":"https:\/\/lumiererosario.gob.ar\/web\/lumiere-instantes-decisivos\/"},"author":{"name":"Lumiere","@id":"https:\/\/lumiererosario.gob.ar\/web\/#\/schema\/person\/b277aa5b6373bead2f9f24d8a4685515"},"headline":"MUESTRA FOTOGR\u00c1FICA: LUMI\u00c8RE. INSTANTES DECISIVOS","datePublished":"2022-08-03T16:57:30+00:00","dateModified":"2022-08-03T17:31:15+00:00","mainEntityOfPage":{"@id":"https:\/\/lumiererosario.gob.ar\/web\/lumiere-instantes-decisivos\/"},"wordCount":202,"publisher":{"@id":"https:\/\/lumiererosario.gob.ar\/web\/#organization"},"image":{"@id":"https:\/\/lumiererosario.gob.ar\/web\/lumiere-instantes-decisivos\/#primaryimage"},"thumbnailUrl":"https:\/\/lumiererosario.gob.ar\/web\/wp-content\/uploads\/2022\/08\/Ninos_35x50-scaled.jpg","keywords":["cine","foto","fotograf\u00eda","muestra"],"articleSection":["Noticias"],"inLanguage":"es"},{"@type":"WebPage","@id":"https:\/\/lumiererosario.gob.ar\/web\/lumiere-instantes-decisivos\/","url":"https:\/\/lumiererosario.gob.ar\/web\/lumiere-instantes-decisivos\/","name":"MUESTRA FOTOGR\u00c1FICA: LUMI\u00c8RE. INSTANTES DECISIVOS - Centro Cultural Cine Lumi\u00e8re","isPartOf":{"@id":"https:\/\/lumiererosario.gob.ar\/web\/#website"},"primaryImageOfPage":{"@id":"https:\/\/lumiererosario.gob.ar\/web\/lumiere-instantes-decisivos\/#primaryimage"},"image":{"@id":"https:\/\/lumiererosario.gob.ar\/web\/lumiere-instantes-decisivos\/#primaryimage"},"thumbnailUrl":"https:\/\/lumiererosario.gob.ar\/web\/wp-content\/uploads\/2022\/08\/Ninos_35x50-scaled.jpg","datePublished":"2022-08-03T16:57:30+00:00","dateModified":"2022-08-03T17:31:15+00:00","breadcrumb":{"@id":"https:\/\/lumiererosario.gob.ar\/web\/lumiere-instantes-decisivos\/#breadcrumb"},"inLanguage":"es","potentialAction":[{"@type":"ReadAction","target":["https:\/\/lumiererosario.gob.ar\/web\/lumiere-instantes-decisivos\/"]}]},{"@type":"ImageObject","inLanguage":"es","@id":"https:\/\/lumiererosario.gob.ar\/web\/lumiere-instantes-decisivos\/#primaryimage","url":"https:\/\/lumiererosario.gob.ar\/web\/wp-content\/uploads\/2022\/08\/Ninos_35x50-scaled.jpg","contentUrl":"https:\/\/lumiererosario.gob.ar\/web\/wp-content\/uploads\/2022\/08\/Ninos_35x50-scaled.jpg","width":2560,"height":1792},{"@type":"BreadcrumbList","@id":"https:\/\/lumiererosario.gob.ar\/web\/lumiere-instantes-decisivos\/#breadcrumb","itemListElement":[{"@type":"ListItem","position":1,"name":"Portada","item":"https:\/\/lumiererosario.gob.ar\/web\/"},{"@type":"ListItem","position":2,"name":"MUESTRA FOTOGR\u00c1FICA: LUMI\u00c8RE. INSTANTES DECISIVOS"}]},{"@type":"WebSite","@id":"https:\/\/lumiererosario.gob.ar\/web\/#website","url":"https:\/\/lumiererosario.gob.ar\/web\/","name":"Centro Cultural Cine Lumi\u00e8re","description":"Cine Lumi\u00e8re es el cine p\u00fablico de Municipalidad de Rosario","publisher":{"@id":"https:\/\/lumiererosario.gob.ar\/web\/#organization"},"potentialAction":[{"@type":"SearchAction","target":{"@type":"EntryPoint","urlTemplate":"https:\/\/lumiererosario.gob.ar\/web\/?s={search_term_string}"},"query-input":{"@type":"PropertyValueSpecification","valueRequired":true,"valueName":"search_term_string"}}],"inLanguage":"es"},{"@type":"Organization","@id":"https:\/\/lumiererosario.gob.ar\/web\/#organization","name":"Centro Cultural Cine Lumi\u00e8re","url":"https:\/\/lumiererosario.gob.ar\/web\/","logo":{"@type":"ImageObject","inLanguage":"es","@id":"https:\/\/lumiererosario.gob.ar\/web\/#\/schema\/logo\/image\/","url":"https:\/\/lumiererosario.gob.ar\/web\/wp-content\/uploads\/2019\/10\/logo-lumiere.png","contentUrl":"https:\/\/lumiererosario.gob.ar\/web\/wp-content\/uploads\/2019\/10\/logo-lumiere.png","width":350,"height":175,"caption":"Centro Cultural Cine Lumi\u00e8re"},"image":{"@id":"https:\/\/lumiererosario.gob.ar\/web\/#\/schema\/logo\/image\/"},"sameAs":["https:\/\/es-la.facebook.com\/CentroCulturalCineLumiere\/","https:\/\/www.instagram.com\/cccinelumiere\/","https:\/\/www.youtube.com\/channel\/UCuhG8G0hl5YdZz-j9xf2muQ\/videos"]},{"@type":"Person","@id":"https:\/\/lumiererosario.gob.ar\/web\/#\/schema\/person\/b277aa5b6373bead2f9f24d8a4685515","name":"Lumiere","image":{"@type":"ImageObject","inLanguage":"es","@id":"https:\/\/lumiererosario.gob.ar\/web\/#\/schema\/person\/image\/","url":"https:\/\/secure.gravatar.com\/avatar\/023d2460701349f67fb8c23441481066?s=96&d=mm&r=g","contentUrl":"https:\/\/secure.gravatar.com\/avatar\/023d2460701349f67fb8c23441481066?s=96&d=mm&r=g","caption":"Lumiere"}}]}},"_links":{"self":[{"href":"https:\/\/lumiererosario.gob.ar\/web\/wp-json\/wp\/v2\/posts\/3752"}],"collection":[{"href":"https:\/\/lumiererosario.gob.ar\/web\/wp-json\/wp\/v2\/posts"}],"about":[{"href":"https:\/\/lumiererosario.gob.ar\/web\/wp-json\/wp\/v2\/types\/post"}],"author":[{"embeddable":true,"href":"https:\/\/lumiererosario.gob.ar\/web\/wp-json\/wp\/v2\/users\/4"}],"replies":[{"embeddable":true,"href":"https:\/\/lumiererosario.gob.ar\/web\/wp-json\/wp\/v2\/comments?post=3752"}],"version-history":[{"count":26,"href":"https:\/\/lumiererosario.gob.ar\/web\/wp-json\/wp\/v2\/posts\/3752\/revisions"}],"predecessor-version":[{"id":3795,"href":"https:\/\/lumiererosario.gob.ar\/web\/wp-json\/wp\/v2\/posts\/3752\/revisions\/3795"}],"wp:featuredmedia":[{"embeddable":true,"href":"https:\/\/lumiererosario.gob.ar\/web\/wp-json\/wp\/v2\/media\/3761"}],"wp:attachment":[{"href":"https:\/\/lumiererosario.gob.ar\/web\/wp-json\/wp\/v2\/media?parent=3752"}],"wp:term":[{"taxonomy":"category","embeddable":true,"href":"https:\/\/lumiererosario.gob.ar\/web\/wp-json\/wp\/v2\/categories?post=3752"},{"taxonomy":"post_tag","embeddable":true,"href":"https:\/\/lumiererosario.gob.ar\/web\/wp-json\/wp\/v2\/tags?post=3752"}],"curies":[{"name":"wp","href":"https:\/\/api.w.org\/{rel}","templated":true}]}}