{"id":3562,"date":"2022-07-27T13:33:04","date_gmt":"2022-07-27T13:33:04","guid":{"rendered":"http:\/\/lumiererosario.gob.ar\/web\/?p=3562"},"modified":"2022-08-11T15:03:25","modified_gmt":"2022-08-11T15:03:25","slug":"celebracion-de-la-pachamama","status":"publish","type":"post","link":"https:\/\/lumiererosario.gob.ar\/web\/celebracion-de-la-pachamama\/","title":{"rendered":"CELEBRACI\u00d3N DE LA PACHAMAMA"},"content":{"rendered":"\t\t<div data-elementor-type=\"wp-post\" data-elementor-id=\"3562\" class=\"elementor elementor-3562\">\n\t\t\t\t\t\t<section class=\"elementor-section elementor-top-section elementor-element elementor-element-d2c079c elementor-section-boxed elementor-section-height-default elementor-section-height-default\" data-id=\"d2c079c\" data-element_type=\"section\" data-e-type=\"section\">\n\t\t\t\t\t\t<div class=\"elementor-container elementor-column-gap-default\">\n\t\t\t\t\t<div class=\"elementor-column elementor-col-100 elementor-top-column elementor-element elementor-element-e7209a7\" data-id=\"e7209a7\" data-element_type=\"column\" data-e-type=\"column\">\n\t\t\t<div class=\"elementor-widget-wrap elementor-element-populated\">\n\t\t\t\t\t\t<div class=\"elementor-element elementor-element-8b762d1 elementor-widget elementor-widget-text-editor\" data-id=\"8b762d1\" data-element_type=\"widget\" data-e-type=\"widget\" data-widget_type=\"text-editor.default\">\n\t\t\t\t<div class=\"elementor-widget-container\">\n\t\t\t\t\t\t\t\t\t<p>El pr\u00f3ximo lunes 1\u00b0 de agosto el Centro Cultural Cine Lumi\u00e8re celebrar\u00e1 la Pachamama con feria, cine, danza y m\u00fasica.<\/p><p><strong>Desde las 16 h<\/strong> habr\u00e1 <strong>muestra y feria de talleres<\/strong>: <em>Esfera de semillas<\/em>, propuesta de Estaci\u00f3n Embarcaderos; Taller de tejido del CC Cine Lumi\u00e8re coordinado por Vilma Rodr\u00edguez; Ritual de ca\u00f1a con ruda a cargo del Centro Cuidar La Tierrita; el Espacio de Huerta Comunitaria del Centro Cultural El Obrador estar\u00e1 presente con plantines, secados, sahumos y ramitos frescos, que tambi\u00e9n ofrecer\u00e1 pan casero.<\/p><p><strong>Desde las 18 h<\/strong> se podr\u00e1 ver <em><strong>Detr\u00e1s del humo<\/strong><\/em>, <strong>documental <\/strong>que indaga sobre las causas de los incendios en los humedales del delta del Paran\u00e1 que se intensificaron en 2020 y dejaron m\u00e1s de 400 mil hect\u00e1reas destruidas, y m\u00e1s de 900 especies animales afectadas. El trabajo audiovisual es una producci\u00f3n de UNICANAL (UNR), y tiene una duraci\u00f3n de 30 minutos.<\/p><p>Luego tendr\u00e1 lugar un <strong>Taller de chacarera<\/strong> coordinado por In\u00e9s Maguna y Sandra Mart\u00ednez; y la presentaci\u00f3n de <strong>Agrupaci\u00f3n Coral Rosario<\/strong> a cargo de Gabriel Greveno.<\/p><p>Muchas de las propuestas forman parte de los centros culturales que integran el Programa Barrio Cultura Cotidiana de la Direcci\u00f3n de Espacialidad Cultural P\u00fablica de la Secretar\u00eda de Cultura y Educaci\u00f3n municipal.<\/p><h2>Documental <em>Detr\u00e1s del humo<\/em><\/h2><p>El documental indaga sobre las causas de los incendios en las islas y\u00a0las consecuencias en la flora y fauna en el humedal, el impacto en la biodiversidad y el ecocidio, la importancia del humedal, el papel de las organizaciones sociales y las causas de los incendios sobre los pastizales y su repetici\u00f3n en el tiempo.<\/p><p>Cuenta con la realizaci\u00f3n de Dana Tameron y Mario Armas, y la producci\u00f3n de Jorgelina Hiba, Bel\u00e9n Bertero, Diego Fiori, Lisandro Leoni y Nicol\u00e1s Maggi.<\/p><p><iframe title=\"YouTube video player\" src=\"https:\/\/www.youtube.com\/embed\/JYFiqDZxCKg\" width=\"100%\" height=\"315\" frameborder=\"0\" allowfullscreen=\"allowfullscreen\"><\/iframe><\/p>\t\t\t\t\t\t\t\t<\/div>\n\t\t\t\t<\/div>\n\t\t\t\t\t<\/div>\n\t\t<\/div>\n\t\t\t\t\t<\/div>\n\t\t<\/section>\n\t\t\t\t<\/div>\n\t\t","protected":false},"excerpt":{"rendered":"<p>El pr\u00f3ximo lunes 1\u00b0 de agosto el Centro Cultural Cine Lumi\u00e8re celebrar\u00e1 la Pachamama con feria, cine, danza y m\u00fasica. Desde las 16 h habr\u00e1 muestra y feria de talleres: Esfera de semillas, propuesta de Estaci\u00f3n Embarcaderos; Taller de tejido del CC Cine Lumi\u00e8re coordinado por Vilma Rodr\u00edguez; Ritual de ca\u00f1a con ruda a cargo [&hellip;]<\/p>\n","protected":false},"author":4,"featured_media":3579,"comment_status":"closed","ping_status":"closed","sticky":true,"template":"","format":"standard","meta":{"_exactmetrics_skip_tracking":false,"_exactmetrics_sitenote_active":false,"_exactmetrics_sitenote_note":"","_exactmetrics_sitenote_category":0,"footnotes":""},"categories":[6],"tags":[196,40],"class_list":["post-3562","post","type-post","status-publish","format-standard","has-post-thumbnail","hentry","category-noticias","tag-feria","tag-muestra"],"yoast_head":"<!-- This site is optimized with the Yoast SEO plugin v25.6 - https:\/\/yoast.com\/wordpress\/plugins\/seo\/ -->\n<title>CELEBRACI\u00d3N DE LA PACHAMAMA - Centro Cultural Cine Lumi\u00e8re<\/title>\n<meta name=\"robots\" content=\"index, follow, max-snippet:-1, max-image-preview:large, max-video-preview:-1\" \/>\n<link rel=\"canonical\" href=\"https:\/\/lumiererosario.gob.ar\/web\/celebracion-de-la-pachamama\/\" \/>\n<meta property=\"og:locale\" content=\"es_ES\" \/>\n<meta property=\"og:type\" content=\"article\" \/>\n<meta property=\"og:title\" content=\"CELEBRACI\u00d3N DE LA PACHAMAMA - Centro Cultural Cine Lumi\u00e8re\" \/>\n<meta property=\"og:description\" content=\"El pr\u00f3ximo lunes 1\u00b0 de agosto el Centro Cultural Cine Lumi\u00e8re celebrar\u00e1 la Pachamama con feria, cine, danza y m\u00fasica. Desde las 16 h habr\u00e1 muestra y feria de talleres: Esfera de semillas, propuesta de Estaci\u00f3n Embarcaderos; Taller de tejido del CC Cine Lumi\u00e8re coordinado por Vilma Rodr\u00edguez; Ritual de ca\u00f1a con ruda a cargo [&hellip;]\" \/>\n<meta property=\"og:url\" content=\"https:\/\/lumiererosario.gob.ar\/web\/celebracion-de-la-pachamama\/\" \/>\n<meta property=\"og:site_name\" content=\"Centro Cultural Cine Lumi\u00e8re\" \/>\n<meta property=\"article:publisher\" content=\"https:\/\/es-la.facebook.com\/CentroCulturalCineLumiere\/\" \/>\n<meta property=\"article:published_time\" content=\"2022-07-27T13:33:04+00:00\" \/>\n<meta property=\"article:modified_time\" content=\"2022-08-11T15:03:25+00:00\" \/>\n<meta property=\"og:image\" content=\"https:\/\/lumiererosario.gob.ar\/web\/wp-content\/uploads\/2022\/07\/planta_ruda.jpg\" \/>\n\t<meta property=\"og:image:width\" content=\"1076\" \/>\n\t<meta property=\"og:image:height\" content=\"640\" \/>\n\t<meta property=\"og:image:type\" content=\"image\/jpeg\" \/>\n<meta name=\"author\" content=\"Lumiere\" \/>\n<meta name=\"twitter:label1\" content=\"Escrito por\" \/>\n\t<meta name=\"twitter:data1\" content=\"Lumiere\" \/>\n\t<meta name=\"twitter:label2\" content=\"Tiempo de lectura\" \/>\n\t<meta name=\"twitter:data2\" content=\"2 minutos\" \/>\n<script type=\"application\/ld+json\" class=\"yoast-schema-graph\">{\"@context\":\"https:\/\/schema.org\",\"@graph\":[{\"@type\":\"Article\",\"@id\":\"https:\/\/lumiererosario.gob.ar\/web\/celebracion-de-la-pachamama\/#article\",\"isPartOf\":{\"@id\":\"https:\/\/lumiererosario.gob.ar\/web\/celebracion-de-la-pachamama\/\"},\"author\":{\"name\":\"Lumiere\",\"@id\":\"https:\/\/lumiererosario.gob.ar\/web\/#\/schema\/person\/b277aa5b6373bead2f9f24d8a4685515\"},\"headline\":\"CELEBRACI\u00d3N DE LA PACHAMAMA\",\"datePublished\":\"2022-07-27T13:33:04+00:00\",\"dateModified\":\"2022-08-11T15:03:25+00:00\",\"mainEntityOfPage\":{\"@id\":\"https:\/\/lumiererosario.gob.ar\/web\/celebracion-de-la-pachamama\/\"},\"wordCount\":316,\"publisher\":{\"@id\":\"https:\/\/lumiererosario.gob.ar\/web\/#organization\"},\"image\":{\"@id\":\"https:\/\/lumiererosario.gob.ar\/web\/celebracion-de-la-pachamama\/#primaryimage\"},\"thumbnailUrl\":\"https:\/\/lumiererosario.gob.ar\/web\/wp-content\/uploads\/2022\/07\/planta_ruda.jpg\",\"keywords\":[\"feria\",\"muestra\"],\"articleSection\":[\"Noticias\"],\"inLanguage\":\"es\"},{\"@type\":\"WebPage\",\"@id\":\"https:\/\/lumiererosario.gob.ar\/web\/celebracion-de-la-pachamama\/\",\"url\":\"https:\/\/lumiererosario.gob.ar\/web\/celebracion-de-la-pachamama\/\",\"name\":\"CELEBRACI\u00d3N DE LA PACHAMAMA - Centro Cultural Cine Lumi\u00e8re\",\"isPartOf\":{\"@id\":\"https:\/\/lumiererosario.gob.ar\/web\/#website\"},\"primaryImageOfPage\":{\"@id\":\"https:\/\/lumiererosario.gob.ar\/web\/celebracion-de-la-pachamama\/#primaryimage\"},\"image\":{\"@id\":\"https:\/\/lumiererosario.gob.ar\/web\/celebracion-de-la-pachamama\/#primaryimage\"},\"thumbnailUrl\":\"https:\/\/lumiererosario.gob.ar\/web\/wp-content\/uploads\/2022\/07\/planta_ruda.jpg\",\"datePublished\":\"2022-07-27T13:33:04+00:00\",\"dateModified\":\"2022-08-11T15:03:25+00:00\",\"breadcrumb\":{\"@id\":\"https:\/\/lumiererosario.gob.ar\/web\/celebracion-de-la-pachamama\/#breadcrumb\"},\"inLanguage\":\"es\",\"potentialAction\":[{\"@type\":\"ReadAction\",\"target\":[\"https:\/\/lumiererosario.gob.ar\/web\/celebracion-de-la-pachamama\/\"]}]},{\"@type\":\"ImageObject\",\"inLanguage\":\"es\",\"@id\":\"https:\/\/lumiererosario.gob.ar\/web\/celebracion-de-la-pachamama\/#primaryimage\",\"url\":\"https:\/\/lumiererosario.gob.ar\/web\/wp-content\/uploads\/2022\/07\/planta_ruda.jpg\",\"contentUrl\":\"https:\/\/lumiererosario.gob.ar\/web\/wp-content\/uploads\/2022\/07\/planta_ruda.jpg\",\"width\":1076,\"height\":640},{\"@type\":\"BreadcrumbList\",\"@id\":\"https:\/\/lumiererosario.gob.ar\/web\/celebracion-de-la-pachamama\/#breadcrumb\",\"itemListElement\":[{\"@type\":\"ListItem\",\"position\":1,\"name\":\"Portada\",\"item\":\"https:\/\/lumiererosario.gob.ar\/web\/\"},{\"@type\":\"ListItem\",\"position\":2,\"name\":\"CELEBRACI\u00d3N DE LA PACHAMAMA\"}]},{\"@type\":\"WebSite\",\"@id\":\"https:\/\/lumiererosario.gob.ar\/web\/#website\",\"url\":\"https:\/\/lumiererosario.gob.ar\/web\/\",\"name\":\"Centro Cultural Cine Lumi\u00e8re\",\"description\":\"Cine Lumi\u00e8re es el cine p\u00fablico de Municipalidad de Rosario\",\"publisher\":{\"@id\":\"https:\/\/lumiererosario.gob.ar\/web\/#organization\"},\"potentialAction\":[{\"@type\":\"SearchAction\",\"target\":{\"@type\":\"EntryPoint\",\"urlTemplate\":\"https:\/\/lumiererosario.gob.ar\/web\/?s={search_term_string}\"},\"query-input\":{\"@type\":\"PropertyValueSpecification\",\"valueRequired\":true,\"valueName\":\"search_term_string\"}}],\"inLanguage\":\"es\"},{\"@type\":\"Organization\",\"@id\":\"https:\/\/lumiererosario.gob.ar\/web\/#organization\",\"name\":\"Centro Cultural Cine Lumi\u00e8re\",\"url\":\"https:\/\/lumiererosario.gob.ar\/web\/\",\"logo\":{\"@type\":\"ImageObject\",\"inLanguage\":\"es\",\"@id\":\"https:\/\/lumiererosario.gob.ar\/web\/#\/schema\/logo\/image\/\",\"url\":\"https:\/\/lumiererosario.gob.ar\/web\/wp-content\/uploads\/2019\/10\/logo-lumiere.png\",\"contentUrl\":\"https:\/\/lumiererosario.gob.ar\/web\/wp-content\/uploads\/2019\/10\/logo-lumiere.png\",\"width\":350,\"height\":175,\"caption\":\"Centro Cultural Cine Lumi\u00e8re\"},\"image\":{\"@id\":\"https:\/\/lumiererosario.gob.ar\/web\/#\/schema\/logo\/image\/\"},\"sameAs\":[\"https:\/\/es-la.facebook.com\/CentroCulturalCineLumiere\/\",\"https:\/\/www.instagram.com\/cccinelumiere\/\",\"https:\/\/www.youtube.com\/channel\/UCuhG8G0hl5YdZz-j9xf2muQ\/videos\"]},{\"@type\":\"Person\",\"@id\":\"https:\/\/lumiererosario.gob.ar\/web\/#\/schema\/person\/b277aa5b6373bead2f9f24d8a4685515\",\"name\":\"Lumiere\",\"image\":{\"@type\":\"ImageObject\",\"inLanguage\":\"es\",\"@id\":\"https:\/\/lumiererosario.gob.ar\/web\/#\/schema\/person\/image\/\",\"url\":\"https:\/\/secure.gravatar.com\/avatar\/023d2460701349f67fb8c23441481066?s=96&d=mm&r=g\",\"contentUrl\":\"https:\/\/secure.gravatar.com\/avatar\/023d2460701349f67fb8c23441481066?s=96&d=mm&r=g\",\"caption\":\"Lumiere\"}}]}<\/script>\n<!-- \/ Yoast SEO plugin. -->","yoast_head_json":{"title":"CELEBRACI\u00d3N DE LA PACHAMAMA - Centro Cultural Cine Lumi\u00e8re","robots":{"index":"index","follow":"follow","max-snippet":"max-snippet:-1","max-image-preview":"max-image-preview:large","max-video-preview":"max-video-preview:-1"},"canonical":"https:\/\/lumiererosario.gob.ar\/web\/celebracion-de-la-pachamama\/","og_locale":"es_ES","og_type":"article","og_title":"CELEBRACI\u00d3N DE LA PACHAMAMA - Centro Cultural Cine Lumi\u00e8re","og_description":"El pr\u00f3ximo lunes 1\u00b0 de agosto el Centro Cultural Cine Lumi\u00e8re celebrar\u00e1 la Pachamama con feria, cine, danza y m\u00fasica. Desde las 16 h habr\u00e1 muestra y feria de talleres: Esfera de semillas, propuesta de Estaci\u00f3n Embarcaderos; Taller de tejido del CC Cine Lumi\u00e8re coordinado por Vilma Rodr\u00edguez; Ritual de ca\u00f1a con ruda a cargo [&hellip;]","og_url":"https:\/\/lumiererosario.gob.ar\/web\/celebracion-de-la-pachamama\/","og_site_name":"Centro Cultural Cine Lumi\u00e8re","article_publisher":"https:\/\/es-la.facebook.com\/CentroCulturalCineLumiere\/","article_published_time":"2022-07-27T13:33:04+00:00","article_modified_time":"2022-08-11T15:03:25+00:00","og_image":[{"width":1076,"height":640,"url":"https:\/\/lumiererosario.gob.ar\/web\/wp-content\/uploads\/2022\/07\/planta_ruda.jpg","type":"image\/jpeg"}],"author":"Lumiere","twitter_misc":{"Escrito por":"Lumiere","Tiempo de lectura":"2 minutos"},"schema":{"@context":"https:\/\/schema.org","@graph":[{"@type":"Article","@id":"https:\/\/lumiererosario.gob.ar\/web\/celebracion-de-la-pachamama\/#article","isPartOf":{"@id":"https:\/\/lumiererosario.gob.ar\/web\/celebracion-de-la-pachamama\/"},"author":{"name":"Lumiere","@id":"https:\/\/lumiererosario.gob.ar\/web\/#\/schema\/person\/b277aa5b6373bead2f9f24d8a4685515"},"headline":"CELEBRACI\u00d3N DE LA PACHAMAMA","datePublished":"2022-07-27T13:33:04+00:00","dateModified":"2022-08-11T15:03:25+00:00","mainEntityOfPage":{"@id":"https:\/\/lumiererosario.gob.ar\/web\/celebracion-de-la-pachamama\/"},"wordCount":316,"publisher":{"@id":"https:\/\/lumiererosario.gob.ar\/web\/#organization"},"image":{"@id":"https:\/\/lumiererosario.gob.ar\/web\/celebracion-de-la-pachamama\/#primaryimage"},"thumbnailUrl":"https:\/\/lumiererosario.gob.ar\/web\/wp-content\/uploads\/2022\/07\/planta_ruda.jpg","keywords":["feria","muestra"],"articleSection":["Noticias"],"inLanguage":"es"},{"@type":"WebPage","@id":"https:\/\/lumiererosario.gob.ar\/web\/celebracion-de-la-pachamama\/","url":"https:\/\/lumiererosario.gob.ar\/web\/celebracion-de-la-pachamama\/","name":"CELEBRACI\u00d3N DE LA PACHAMAMA - Centro Cultural Cine Lumi\u00e8re","isPartOf":{"@id":"https:\/\/lumiererosario.gob.ar\/web\/#website"},"primaryImageOfPage":{"@id":"https:\/\/lumiererosario.gob.ar\/web\/celebracion-de-la-pachamama\/#primaryimage"},"image":{"@id":"https:\/\/lumiererosario.gob.ar\/web\/celebracion-de-la-pachamama\/#primaryimage"},"thumbnailUrl":"https:\/\/lumiererosario.gob.ar\/web\/wp-content\/uploads\/2022\/07\/planta_ruda.jpg","datePublished":"2022-07-27T13:33:04+00:00","dateModified":"2022-08-11T15:03:25+00:00","breadcrumb":{"@id":"https:\/\/lumiererosario.gob.ar\/web\/celebracion-de-la-pachamama\/#breadcrumb"},"inLanguage":"es","potentialAction":[{"@type":"ReadAction","target":["https:\/\/lumiererosario.gob.ar\/web\/celebracion-de-la-pachamama\/"]}]},{"@type":"ImageObject","inLanguage":"es","@id":"https:\/\/lumiererosario.gob.ar\/web\/celebracion-de-la-pachamama\/#primaryimage","url":"https:\/\/lumiererosario.gob.ar\/web\/wp-content\/uploads\/2022\/07\/planta_ruda.jpg","contentUrl":"https:\/\/lumiererosario.gob.ar\/web\/wp-content\/uploads\/2022\/07\/planta_ruda.jpg","width":1076,"height":640},{"@type":"BreadcrumbList","@id":"https:\/\/lumiererosario.gob.ar\/web\/celebracion-de-la-pachamama\/#breadcrumb","itemListElement":[{"@type":"ListItem","position":1,"name":"Portada","item":"https:\/\/lumiererosario.gob.ar\/web\/"},{"@type":"ListItem","position":2,"name":"CELEBRACI\u00d3N DE LA PACHAMAMA"}]},{"@type":"WebSite","@id":"https:\/\/lumiererosario.gob.ar\/web\/#website","url":"https:\/\/lumiererosario.gob.ar\/web\/","name":"Centro Cultural Cine Lumi\u00e8re","description":"Cine Lumi\u00e8re es el cine p\u00fablico de Municipalidad de Rosario","publisher":{"@id":"https:\/\/lumiererosario.gob.ar\/web\/#organization"},"potentialAction":[{"@type":"SearchAction","target":{"@type":"EntryPoint","urlTemplate":"https:\/\/lumiererosario.gob.ar\/web\/?s={search_term_string}"},"query-input":{"@type":"PropertyValueSpecification","valueRequired":true,"valueName":"search_term_string"}}],"inLanguage":"es"},{"@type":"Organization","@id":"https:\/\/lumiererosario.gob.ar\/web\/#organization","name":"Centro Cultural Cine Lumi\u00e8re","url":"https:\/\/lumiererosario.gob.ar\/web\/","logo":{"@type":"ImageObject","inLanguage":"es","@id":"https:\/\/lumiererosario.gob.ar\/web\/#\/schema\/logo\/image\/","url":"https:\/\/lumiererosario.gob.ar\/web\/wp-content\/uploads\/2019\/10\/logo-lumiere.png","contentUrl":"https:\/\/lumiererosario.gob.ar\/web\/wp-content\/uploads\/2019\/10\/logo-lumiere.png","width":350,"height":175,"caption":"Centro Cultural Cine Lumi\u00e8re"},"image":{"@id":"https:\/\/lumiererosario.gob.ar\/web\/#\/schema\/logo\/image\/"},"sameAs":["https:\/\/es-la.facebook.com\/CentroCulturalCineLumiere\/","https:\/\/www.instagram.com\/cccinelumiere\/","https:\/\/www.youtube.com\/channel\/UCuhG8G0hl5YdZz-j9xf2muQ\/videos"]},{"@type":"Person","@id":"https:\/\/lumiererosario.gob.ar\/web\/#\/schema\/person\/b277aa5b6373bead2f9f24d8a4685515","name":"Lumiere","image":{"@type":"ImageObject","inLanguage":"es","@id":"https:\/\/lumiererosario.gob.ar\/web\/#\/schema\/person\/image\/","url":"https:\/\/secure.gravatar.com\/avatar\/023d2460701349f67fb8c23441481066?s=96&d=mm&r=g","contentUrl":"https:\/\/secure.gravatar.com\/avatar\/023d2460701349f67fb8c23441481066?s=96&d=mm&r=g","caption":"Lumiere"}}]}},"_links":{"self":[{"href":"https:\/\/lumiererosario.gob.ar\/web\/wp-json\/wp\/v2\/posts\/3562"}],"collection":[{"href":"https:\/\/lumiererosario.gob.ar\/web\/wp-json\/wp\/v2\/posts"}],"about":[{"href":"https:\/\/lumiererosario.gob.ar\/web\/wp-json\/wp\/v2\/types\/post"}],"author":[{"embeddable":true,"href":"https:\/\/lumiererosario.gob.ar\/web\/wp-json\/wp\/v2\/users\/4"}],"replies":[{"embeddable":true,"href":"https:\/\/lumiererosario.gob.ar\/web\/wp-json\/wp\/v2\/comments?post=3562"}],"version-history":[{"count":34,"href":"https:\/\/lumiererosario.gob.ar\/web\/wp-json\/wp\/v2\/posts\/3562\/revisions"}],"predecessor-version":[{"id":3935,"href":"https:\/\/lumiererosario.gob.ar\/web\/wp-json\/wp\/v2\/posts\/3562\/revisions\/3935"}],"wp:featuredmedia":[{"embeddable":true,"href":"https:\/\/lumiererosario.gob.ar\/web\/wp-json\/wp\/v2\/media\/3579"}],"wp:attachment":[{"href":"https:\/\/lumiererosario.gob.ar\/web\/wp-json\/wp\/v2\/media?parent=3562"}],"wp:term":[{"taxonomy":"category","embeddable":true,"href":"https:\/\/lumiererosario.gob.ar\/web\/wp-json\/wp\/v2\/categories?post=3562"},{"taxonomy":"post_tag","embeddable":true,"href":"https:\/\/lumiererosario.gob.ar\/web\/wp-json\/wp\/v2\/tags?post=3562"}],"curies":[{"name":"wp","href":"https:\/\/api.w.org\/{rel}","templated":true}]}}