{"id":2294,"date":"2022-03-10T14:34:19","date_gmt":"2022-03-10T14:34:19","guid":{"rendered":"http:\/\/lumiererosario.gob.ar\/web\/?p=2294"},"modified":"2022-03-11T13:51:27","modified_gmt":"2022-03-11T13:51:27","slug":"inscripcion-a-los-talleres-del-lumiere","status":"publish","type":"post","link":"https:\/\/lumiererosario.gob.ar\/web\/inscripcion-a-los-talleres-del-lumiere\/","title":{"rendered":"Inscripci\u00f3n a los talleres del Lumi\u00e8re"},"content":{"rendered":"\t\t<div data-elementor-type=\"wp-post\" data-elementor-id=\"2294\" class=\"elementor elementor-2294\">\n\t\t\t\t\t\t<section class=\"elementor-section elementor-top-section elementor-element elementor-element-46c77a9e elementor-section-boxed elementor-section-height-default elementor-section-height-default\" data-id=\"46c77a9e\" data-element_type=\"section\" data-e-type=\"section\">\n\t\t\t\t\t\t<div class=\"elementor-container elementor-column-gap-default\">\n\t\t\t\t\t<div class=\"elementor-column elementor-col-100 elementor-top-column elementor-element elementor-element-1eace3ca\" data-id=\"1eace3ca\" data-element_type=\"column\" data-e-type=\"column\">\n\t\t\t<div class=\"elementor-widget-wrap elementor-element-populated\">\n\t\t\t\t\t\t<div class=\"elementor-element elementor-element-244afb60 elementor-widget elementor-widget-text-editor\" data-id=\"244afb60\" data-element_type=\"widget\" data-e-type=\"widget\" data-widget_type=\"text-editor.default\">\n\t\t\t\t<div class=\"elementor-widget-container\">\n\t\t\t\t\t\t\t\t\t\n<p><strong>Se realizar\u00e1 el martes 15 de marzo a las 14 hs en el Centro Cultural <\/strong><\/p>\n\t\t\t\t\t\t\t\t<\/div>\n\t\t\t\t<\/div>\n\t\t\t\t\t<\/div>\n\t\t<\/div>\n\t\t\t\t\t<\/div>\n\t\t<\/section>\n\t\t\t\t<section class=\"elementor-section elementor-top-section elementor-element elementor-element-7fc37da elementor-section-boxed elementor-section-height-default elementor-section-height-default\" data-id=\"7fc37da\" data-element_type=\"section\" data-e-type=\"section\">\n\t\t\t\t\t\t<div class=\"elementor-container elementor-column-gap-default\">\n\t\t\t\t\t<div class=\"elementor-column elementor-col-100 elementor-top-column elementor-element elementor-element-5df7223\" data-id=\"5df7223\" data-element_type=\"column\" data-e-type=\"column\">\n\t\t\t<div class=\"elementor-widget-wrap elementor-element-populated\">\n\t\t\t\t\t\t<div class=\"elementor-element elementor-element-382ceea elementor-widget elementor-widget-text-editor\" data-id=\"382ceea\" data-element_type=\"widget\" data-e-type=\"widget\" data-widget_type=\"text-editor.default\">\n\t\t\t\t<div class=\"elementor-widget-container\">\n\t\t\t\t\t\t\t\t\t<p>El Lumi\u00e8re abre la inscripci\u00f3n a los talleres coordinados por integrantes del equipo del Centro Cultural:<\/p>\n<p>-El Cuerpo en Movimiento (Sandra Mart\u00ednez)<br \/>-Tejido (Vilma Rodr\u00edguez<br \/>-Guitarra (Gabriel Greveno)<br \/><br \/><\/p>\n<p>Adem\u00e1s, Las Serenateras del Lumiere coordinadas por Ivonne Girard y la Agrupaci\u00f3n Coral Rosario coordinado por Gabriel Greveno incorporan nuevas voces.\u00a0<\/p>\n<p>Importante: los talleres son gratuitos. Se abonar\u00e1 un costo de inscripci\u00f3n de $150.<\/p>\n<p><a href=\"https:\/\/lumiererosario.gob.ar\/web\/talleres\/\">Ver horarios de cada propuesta<\/a><\/p>\t\t\t\t\t\t\t\t<\/div>\n\t\t\t\t<\/div>\n\t\t\t\t\t<\/div>\n\t\t<\/div>\n\t\t\t\t\t<\/div>\n\t\t<\/section>\n\t\t\t\t<\/div>\n\t\t","protected":false},"excerpt":{"rendered":"<p>Se realizar\u00e1 el martes 15 de marzo a las 14 hs en el Centro Cultural El Lumi\u00e8re abre la inscripci\u00f3n a los talleres coordinados por integrantes del equipo del Centro Cultural: -El Cuerpo en Movimiento (Sandra Mart\u00ednez)-Tejido (Vilma Rodr\u00edguez-Guitarra (Gabriel Greveno) Adem\u00e1s, Las Serenateras del Lumiere coordinadas por Ivonne Girard y la Agrupaci\u00f3n Coral Rosario [&hellip;]<\/p>\n","protected":false},"author":4,"featured_media":300,"comment_status":"closed","ping_status":"closed","sticky":false,"template":"","format":"standard","meta":{"_exactmetrics_skip_tracking":false,"_exactmetrics_sitenote_active":false,"_exactmetrics_sitenote_note":"","_exactmetrics_sitenote_category":0,"footnotes":""},"categories":[1],"tags":[165,71,166,81,82],"class_list":["post-2294","post","type-post","status-publish","format-standard","has-post-thumbnail","hentry","category-sin-categoria","tag-coro","tag-cuerpo-en-movimiento","tag-guitarra","tag-talleres","tag-tejido"],"yoast_head":"<!-- This site is optimized with the Yoast SEO plugin v25.6 - https:\/\/yoast.com\/wordpress\/plugins\/seo\/ -->\n<title>Inscripci\u00f3n a los talleres del Lumi\u00e8re - Centro Cultural Cine Lumi\u00e8re<\/title>\n<meta name=\"robots\" content=\"index, follow, max-snippet:-1, max-image-preview:large, max-video-preview:-1\" \/>\n<link rel=\"canonical\" href=\"https:\/\/lumiererosario.gob.ar\/web\/inscripcion-a-los-talleres-del-lumiere\/\" \/>\n<meta property=\"og:locale\" content=\"es_ES\" \/>\n<meta property=\"og:type\" content=\"article\" \/>\n<meta property=\"og:title\" content=\"Inscripci\u00f3n a los talleres del Lumi\u00e8re - Centro Cultural Cine Lumi\u00e8re\" \/>\n<meta property=\"og:description\" content=\"Se realizar\u00e1 el martes 15 de marzo a las 14 hs en el Centro Cultural El Lumi\u00e8re abre la inscripci\u00f3n a los talleres coordinados por integrantes del equipo del Centro Cultural: -El Cuerpo en Movimiento (Sandra Mart\u00ednez)-Tejido (Vilma Rodr\u00edguez-Guitarra (Gabriel Greveno) Adem\u00e1s, Las Serenateras del Lumiere coordinadas por Ivonne Girard y la Agrupaci\u00f3n Coral Rosario [&hellip;]\" \/>\n<meta property=\"og:url\" content=\"https:\/\/lumiererosario.gob.ar\/web\/inscripcion-a-los-talleres-del-lumiere\/\" \/>\n<meta property=\"og:site_name\" content=\"Centro Cultural Cine Lumi\u00e8re\" \/>\n<meta property=\"article:publisher\" content=\"https:\/\/es-la.facebook.com\/CentroCulturalCineLumiere\/\" \/>\n<meta property=\"article:published_time\" content=\"2022-03-10T14:34:19+00:00\" \/>\n<meta property=\"article:modified_time\" content=\"2022-03-11T13:51:27+00:00\" \/>\n<meta property=\"og:image\" content=\"https:\/\/lumiererosario.gob.ar\/web\/wp-content\/uploads\/2019\/12\/cierre-talleres.jpg\" \/>\n\t<meta property=\"og:image:width\" content=\"3984\" \/>\n\t<meta property=\"og:image:height\" content=\"2656\" \/>\n\t<meta property=\"og:image:type\" content=\"image\/jpeg\" \/>\n<meta name=\"author\" content=\"Lumiere\" \/>\n<meta name=\"twitter:label1\" content=\"Escrito por\" \/>\n\t<meta name=\"twitter:data1\" content=\"Lumiere\" \/>\n\t<meta name=\"twitter:label2\" content=\"Tiempo de lectura\" \/>\n\t<meta name=\"twitter:data2\" content=\"1 minuto\" \/>\n<script type=\"application\/ld+json\" class=\"yoast-schema-graph\">{\"@context\":\"https:\/\/schema.org\",\"@graph\":[{\"@type\":\"Article\",\"@id\":\"https:\/\/lumiererosario.gob.ar\/web\/inscripcion-a-los-talleres-del-lumiere\/#article\",\"isPartOf\":{\"@id\":\"https:\/\/lumiererosario.gob.ar\/web\/inscripcion-a-los-talleres-del-lumiere\/\"},\"author\":{\"name\":\"Lumiere\",\"@id\":\"https:\/\/lumiererosario.gob.ar\/web\/#\/schema\/person\/b277aa5b6373bead2f9f24d8a4685515\"},\"headline\":\"Inscripci\u00f3n a los talleres del Lumi\u00e8re\",\"datePublished\":\"2022-03-10T14:34:19+00:00\",\"dateModified\":\"2022-03-11T13:51:27+00:00\",\"mainEntityOfPage\":{\"@id\":\"https:\/\/lumiererosario.gob.ar\/web\/inscripcion-a-los-talleres-del-lumiere\/\"},\"wordCount\":93,\"publisher\":{\"@id\":\"https:\/\/lumiererosario.gob.ar\/web\/#organization\"},\"image\":{\"@id\":\"https:\/\/lumiererosario.gob.ar\/web\/inscripcion-a-los-talleres-del-lumiere\/#primaryimage\"},\"thumbnailUrl\":\"https:\/\/lumiererosario.gob.ar\/web\/wp-content\/uploads\/2019\/12\/cierre-talleres.jpg\",\"keywords\":[\"coro\",\"cuerpo en movimiento\",\"guitarra\",\"talleres\",\"tejido\"],\"inLanguage\":\"es\"},{\"@type\":\"WebPage\",\"@id\":\"https:\/\/lumiererosario.gob.ar\/web\/inscripcion-a-los-talleres-del-lumiere\/\",\"url\":\"https:\/\/lumiererosario.gob.ar\/web\/inscripcion-a-los-talleres-del-lumiere\/\",\"name\":\"Inscripci\u00f3n a los talleres del Lumi\u00e8re - Centro Cultural Cine Lumi\u00e8re\",\"isPartOf\":{\"@id\":\"https:\/\/lumiererosario.gob.ar\/web\/#website\"},\"primaryImageOfPage\":{\"@id\":\"https:\/\/lumiererosario.gob.ar\/web\/inscripcion-a-los-talleres-del-lumiere\/#primaryimage\"},\"image\":{\"@id\":\"https:\/\/lumiererosario.gob.ar\/web\/inscripcion-a-los-talleres-del-lumiere\/#primaryimage\"},\"thumbnailUrl\":\"https:\/\/lumiererosario.gob.ar\/web\/wp-content\/uploads\/2019\/12\/cierre-talleres.jpg\",\"datePublished\":\"2022-03-10T14:34:19+00:00\",\"dateModified\":\"2022-03-11T13:51:27+00:00\",\"breadcrumb\":{\"@id\":\"https:\/\/lumiererosario.gob.ar\/web\/inscripcion-a-los-talleres-del-lumiere\/#breadcrumb\"},\"inLanguage\":\"es\",\"potentialAction\":[{\"@type\":\"ReadAction\",\"target\":[\"https:\/\/lumiererosario.gob.ar\/web\/inscripcion-a-los-talleres-del-lumiere\/\"]}]},{\"@type\":\"ImageObject\",\"inLanguage\":\"es\",\"@id\":\"https:\/\/lumiererosario.gob.ar\/web\/inscripcion-a-los-talleres-del-lumiere\/#primaryimage\",\"url\":\"https:\/\/lumiererosario.gob.ar\/web\/wp-content\/uploads\/2019\/12\/cierre-talleres.jpg\",\"contentUrl\":\"https:\/\/lumiererosario.gob.ar\/web\/wp-content\/uploads\/2019\/12\/cierre-talleres.jpg\",\"width\":3984,\"height\":2656},{\"@type\":\"BreadcrumbList\",\"@id\":\"https:\/\/lumiererosario.gob.ar\/web\/inscripcion-a-los-talleres-del-lumiere\/#breadcrumb\",\"itemListElement\":[{\"@type\":\"ListItem\",\"position\":1,\"name\":\"Portada\",\"item\":\"https:\/\/lumiererosario.gob.ar\/web\/\"},{\"@type\":\"ListItem\",\"position\":2,\"name\":\"Inscripci\u00f3n a los talleres del Lumi\u00e8re\"}]},{\"@type\":\"WebSite\",\"@id\":\"https:\/\/lumiererosario.gob.ar\/web\/#website\",\"url\":\"https:\/\/lumiererosario.gob.ar\/web\/\",\"name\":\"Centro Cultural Cine Lumi\u00e8re\",\"description\":\"Cine Lumi\u00e8re es el cine p\u00fablico de Municipalidad de Rosario\",\"publisher\":{\"@id\":\"https:\/\/lumiererosario.gob.ar\/web\/#organization\"},\"potentialAction\":[{\"@type\":\"SearchAction\",\"target\":{\"@type\":\"EntryPoint\",\"urlTemplate\":\"https:\/\/lumiererosario.gob.ar\/web\/?s={search_term_string}\"},\"query-input\":{\"@type\":\"PropertyValueSpecification\",\"valueRequired\":true,\"valueName\":\"search_term_string\"}}],\"inLanguage\":\"es\"},{\"@type\":\"Organization\",\"@id\":\"https:\/\/lumiererosario.gob.ar\/web\/#organization\",\"name\":\"Centro Cultural Cine Lumi\u00e8re\",\"url\":\"https:\/\/lumiererosario.gob.ar\/web\/\",\"logo\":{\"@type\":\"ImageObject\",\"inLanguage\":\"es\",\"@id\":\"https:\/\/lumiererosario.gob.ar\/web\/#\/schema\/logo\/image\/\",\"url\":\"https:\/\/lumiererosario.gob.ar\/web\/wp-content\/uploads\/2019\/10\/logo-lumiere.png\",\"contentUrl\":\"https:\/\/lumiererosario.gob.ar\/web\/wp-content\/uploads\/2019\/10\/logo-lumiere.png\",\"width\":350,\"height\":175,\"caption\":\"Centro Cultural Cine Lumi\u00e8re\"},\"image\":{\"@id\":\"https:\/\/lumiererosario.gob.ar\/web\/#\/schema\/logo\/image\/\"},\"sameAs\":[\"https:\/\/es-la.facebook.com\/CentroCulturalCineLumiere\/\",\"https:\/\/www.instagram.com\/cccinelumiere\/\",\"https:\/\/www.youtube.com\/channel\/UCuhG8G0hl5YdZz-j9xf2muQ\/videos\"]},{\"@type\":\"Person\",\"@id\":\"https:\/\/lumiererosario.gob.ar\/web\/#\/schema\/person\/b277aa5b6373bead2f9f24d8a4685515\",\"name\":\"Lumiere\",\"image\":{\"@type\":\"ImageObject\",\"inLanguage\":\"es\",\"@id\":\"https:\/\/lumiererosario.gob.ar\/web\/#\/schema\/person\/image\/\",\"url\":\"https:\/\/secure.gravatar.com\/avatar\/023d2460701349f67fb8c23441481066?s=96&d=mm&r=g\",\"contentUrl\":\"https:\/\/secure.gravatar.com\/avatar\/023d2460701349f67fb8c23441481066?s=96&d=mm&r=g\",\"caption\":\"Lumiere\"}}]}<\/script>\n<!-- \/ Yoast SEO plugin. -->","yoast_head_json":{"title":"Inscripci\u00f3n a los talleres del Lumi\u00e8re - Centro Cultural Cine Lumi\u00e8re","robots":{"index":"index","follow":"follow","max-snippet":"max-snippet:-1","max-image-preview":"max-image-preview:large","max-video-preview":"max-video-preview:-1"},"canonical":"https:\/\/lumiererosario.gob.ar\/web\/inscripcion-a-los-talleres-del-lumiere\/","og_locale":"es_ES","og_type":"article","og_title":"Inscripci\u00f3n a los talleres del Lumi\u00e8re - Centro Cultural Cine Lumi\u00e8re","og_description":"Se realizar\u00e1 el martes 15 de marzo a las 14 hs en el Centro Cultural El Lumi\u00e8re abre la inscripci\u00f3n a los talleres coordinados por integrantes del equipo del Centro Cultural: -El Cuerpo en Movimiento (Sandra Mart\u00ednez)-Tejido (Vilma Rodr\u00edguez-Guitarra (Gabriel Greveno) Adem\u00e1s, Las Serenateras del Lumiere coordinadas por Ivonne Girard y la Agrupaci\u00f3n Coral Rosario [&hellip;]","og_url":"https:\/\/lumiererosario.gob.ar\/web\/inscripcion-a-los-talleres-del-lumiere\/","og_site_name":"Centro Cultural Cine Lumi\u00e8re","article_publisher":"https:\/\/es-la.facebook.com\/CentroCulturalCineLumiere\/","article_published_time":"2022-03-10T14:34:19+00:00","article_modified_time":"2022-03-11T13:51:27+00:00","og_image":[{"width":3984,"height":2656,"url":"https:\/\/lumiererosario.gob.ar\/web\/wp-content\/uploads\/2019\/12\/cierre-talleres.jpg","type":"image\/jpeg"}],"author":"Lumiere","twitter_misc":{"Escrito por":"Lumiere","Tiempo de lectura":"1 minuto"},"schema":{"@context":"https:\/\/schema.org","@graph":[{"@type":"Article","@id":"https:\/\/lumiererosario.gob.ar\/web\/inscripcion-a-los-talleres-del-lumiere\/#article","isPartOf":{"@id":"https:\/\/lumiererosario.gob.ar\/web\/inscripcion-a-los-talleres-del-lumiere\/"},"author":{"name":"Lumiere","@id":"https:\/\/lumiererosario.gob.ar\/web\/#\/schema\/person\/b277aa5b6373bead2f9f24d8a4685515"},"headline":"Inscripci\u00f3n a los talleres del Lumi\u00e8re","datePublished":"2022-03-10T14:34:19+00:00","dateModified":"2022-03-11T13:51:27+00:00","mainEntityOfPage":{"@id":"https:\/\/lumiererosario.gob.ar\/web\/inscripcion-a-los-talleres-del-lumiere\/"},"wordCount":93,"publisher":{"@id":"https:\/\/lumiererosario.gob.ar\/web\/#organization"},"image":{"@id":"https:\/\/lumiererosario.gob.ar\/web\/inscripcion-a-los-talleres-del-lumiere\/#primaryimage"},"thumbnailUrl":"https:\/\/lumiererosario.gob.ar\/web\/wp-content\/uploads\/2019\/12\/cierre-talleres.jpg","keywords":["coro","cuerpo en movimiento","guitarra","talleres","tejido"],"inLanguage":"es"},{"@type":"WebPage","@id":"https:\/\/lumiererosario.gob.ar\/web\/inscripcion-a-los-talleres-del-lumiere\/","url":"https:\/\/lumiererosario.gob.ar\/web\/inscripcion-a-los-talleres-del-lumiere\/","name":"Inscripci\u00f3n a los talleres del Lumi\u00e8re - Centro Cultural Cine Lumi\u00e8re","isPartOf":{"@id":"https:\/\/lumiererosario.gob.ar\/web\/#website"},"primaryImageOfPage":{"@id":"https:\/\/lumiererosario.gob.ar\/web\/inscripcion-a-los-talleres-del-lumiere\/#primaryimage"},"image":{"@id":"https:\/\/lumiererosario.gob.ar\/web\/inscripcion-a-los-talleres-del-lumiere\/#primaryimage"},"thumbnailUrl":"https:\/\/lumiererosario.gob.ar\/web\/wp-content\/uploads\/2019\/12\/cierre-talleres.jpg","datePublished":"2022-03-10T14:34:19+00:00","dateModified":"2022-03-11T13:51:27+00:00","breadcrumb":{"@id":"https:\/\/lumiererosario.gob.ar\/web\/inscripcion-a-los-talleres-del-lumiere\/#breadcrumb"},"inLanguage":"es","potentialAction":[{"@type":"ReadAction","target":["https:\/\/lumiererosario.gob.ar\/web\/inscripcion-a-los-talleres-del-lumiere\/"]}]},{"@type":"ImageObject","inLanguage":"es","@id":"https:\/\/lumiererosario.gob.ar\/web\/inscripcion-a-los-talleres-del-lumiere\/#primaryimage","url":"https:\/\/lumiererosario.gob.ar\/web\/wp-content\/uploads\/2019\/12\/cierre-talleres.jpg","contentUrl":"https:\/\/lumiererosario.gob.ar\/web\/wp-content\/uploads\/2019\/12\/cierre-talleres.jpg","width":3984,"height":2656},{"@type":"BreadcrumbList","@id":"https:\/\/lumiererosario.gob.ar\/web\/inscripcion-a-los-talleres-del-lumiere\/#breadcrumb","itemListElement":[{"@type":"ListItem","position":1,"name":"Portada","item":"https:\/\/lumiererosario.gob.ar\/web\/"},{"@type":"ListItem","position":2,"name":"Inscripci\u00f3n a los talleres del Lumi\u00e8re"}]},{"@type":"WebSite","@id":"https:\/\/lumiererosario.gob.ar\/web\/#website","url":"https:\/\/lumiererosario.gob.ar\/web\/","name":"Centro Cultural Cine Lumi\u00e8re","description":"Cine Lumi\u00e8re es el cine p\u00fablico de Municipalidad de Rosario","publisher":{"@id":"https:\/\/lumiererosario.gob.ar\/web\/#organization"},"potentialAction":[{"@type":"SearchAction","target":{"@type":"EntryPoint","urlTemplate":"https:\/\/lumiererosario.gob.ar\/web\/?s={search_term_string}"},"query-input":{"@type":"PropertyValueSpecification","valueRequired":true,"valueName":"search_term_string"}}],"inLanguage":"es"},{"@type":"Organization","@id":"https:\/\/lumiererosario.gob.ar\/web\/#organization","name":"Centro Cultural Cine Lumi\u00e8re","url":"https:\/\/lumiererosario.gob.ar\/web\/","logo":{"@type":"ImageObject","inLanguage":"es","@id":"https:\/\/lumiererosario.gob.ar\/web\/#\/schema\/logo\/image\/","url":"https:\/\/lumiererosario.gob.ar\/web\/wp-content\/uploads\/2019\/10\/logo-lumiere.png","contentUrl":"https:\/\/lumiererosario.gob.ar\/web\/wp-content\/uploads\/2019\/10\/logo-lumiere.png","width":350,"height":175,"caption":"Centro Cultural Cine Lumi\u00e8re"},"image":{"@id":"https:\/\/lumiererosario.gob.ar\/web\/#\/schema\/logo\/image\/"},"sameAs":["https:\/\/es-la.facebook.com\/CentroCulturalCineLumiere\/","https:\/\/www.instagram.com\/cccinelumiere\/","https:\/\/www.youtube.com\/channel\/UCuhG8G0hl5YdZz-j9xf2muQ\/videos"]},{"@type":"Person","@id":"https:\/\/lumiererosario.gob.ar\/web\/#\/schema\/person\/b277aa5b6373bead2f9f24d8a4685515","name":"Lumiere","image":{"@type":"ImageObject","inLanguage":"es","@id":"https:\/\/lumiererosario.gob.ar\/web\/#\/schema\/person\/image\/","url":"https:\/\/secure.gravatar.com\/avatar\/023d2460701349f67fb8c23441481066?s=96&d=mm&r=g","contentUrl":"https:\/\/secure.gravatar.com\/avatar\/023d2460701349f67fb8c23441481066?s=96&d=mm&r=g","caption":"Lumiere"}}]}},"_links":{"self":[{"href":"https:\/\/lumiererosario.gob.ar\/web\/wp-json\/wp\/v2\/posts\/2294"}],"collection":[{"href":"https:\/\/lumiererosario.gob.ar\/web\/wp-json\/wp\/v2\/posts"}],"about":[{"href":"https:\/\/lumiererosario.gob.ar\/web\/wp-json\/wp\/v2\/types\/post"}],"author":[{"embeddable":true,"href":"https:\/\/lumiererosario.gob.ar\/web\/wp-json\/wp\/v2\/users\/4"}],"replies":[{"embeddable":true,"href":"https:\/\/lumiererosario.gob.ar\/web\/wp-json\/wp\/v2\/comments?post=2294"}],"version-history":[{"count":7,"href":"https:\/\/lumiererosario.gob.ar\/web\/wp-json\/wp\/v2\/posts\/2294\/revisions"}],"predecessor-version":[{"id":2317,"href":"https:\/\/lumiererosario.gob.ar\/web\/wp-json\/wp\/v2\/posts\/2294\/revisions\/2317"}],"wp:featuredmedia":[{"embeddable":true,"href":"https:\/\/lumiererosario.gob.ar\/web\/wp-json\/wp\/v2\/media\/300"}],"wp:attachment":[{"href":"https:\/\/lumiererosario.gob.ar\/web\/wp-json\/wp\/v2\/media?parent=2294"}],"wp:term":[{"taxonomy":"category","embeddable":true,"href":"https:\/\/lumiererosario.gob.ar\/web\/wp-json\/wp\/v2\/categories?post=2294"},{"taxonomy":"post_tag","embeddable":true,"href":"https:\/\/lumiererosario.gob.ar\/web\/wp-json\/wp\/v2\/tags?post=2294"}],"curies":[{"name":"wp","href":"https:\/\/api.w.org\/{rel}","templated":true}]}}