{"id":1743,"date":"2021-08-27T13:14:47","date_gmt":"2021-08-27T13:14:47","guid":{"rendered":"http:\/\/lumiererosario.gob.ar\/web\/?p=1743"},"modified":"2021-08-27T13:21:06","modified_gmt":"2021-08-27T13:21:06","slug":"estreno-en-rosario-cazador-la-pelicula","status":"publish","type":"post","link":"https:\/\/lumiererosario.gob.ar\/web\/estreno-en-rosario-cazador-la-pelicula\/","title":{"rendered":"Estreno en Rosario: Cazador, la pel\u00edcula"},"content":{"rendered":"\n<p class=\"wp-block-paragraph\"><strong>Se proyecta la pel\u00edcula dirigida por Georgina Zanardi y Marcelo Leguiza basada en el c\u00f3mic hom\u00f3nimo creado por Jorge Lucas<\/strong><\/p>\n\n\n\n<p class=\"wp-block-paragraph\">El domingo 5 de septiembre, a las 19 hs, se estrena el \u00abCazador, la pel\u00edcula\u00bb, basada en el c\u00f3mic original de Jorge Lucas, con guion de Jorge Lucas y Claudio Ram\u00edrez, producida por Mondo Lila Producciones, Cazador Producciones, Mutazion y Provideogrip, dirigida por Georgina Zanardi y Marcelo Leguiza.\u00a0La proyecci\u00f3n contar\u00e1 con la presencia de los directores y equipo t\u00e9cnico. <\/p>\n\n\n\n<p class=\"wp-block-paragraph\"><strong>Cazador, la pel\u00edcula<\/strong><br>Ficci\u00f3n | 97\u2019 | Argentina, 2021<br>Direcci\u00f3n: Georgina Zanardi &#8211; Marcelo Leguiza<br>Reparto: Luis Mar\u00eda Montanari, Germ\u00e1n Baudino, Pablo Pinto, Julio Cesar Pierangeli<br>Melkor, el demonio rebelde, elige Buenos Aires para convertirla en su infierno personal desatando una invasi\u00f3n demon\u00edaca. Zombis y demonios caminan la tierra: todo es caos, fuego y muerte. El \u00fanico que puede detener a las hordas del inframundo es el Cazador, pero \u00bfC\u00f3mo despertar el inter\u00e9s de esta bestia-hombre al que solo le interesa chupar, morfar y garchar? La clave, como siempre, est\u00e1 en el oso \u00abBussi\u00bb, su peluch\u00edn preferido.<br><strong>Pel\u00edcula basada en el c\u00f3mic original de Jorge Lucas, con guion de Jorge Lucas y Claudio Ram\u00edrez, producida por Mondo Lila Producciones, Cazador Producciones, Mutazion y Provideogrip, dirigida por Georgina Zanardi y Marcelo Leguiza.\u00a0<\/strong><\/p>\n\n\n\n<p class=\"wp-block-paragraph\">Entrada gratuita. Cupos limitados (la boleter\u00eda se habilitar\u00e1 una hora antes de la funci\u00f3n).<\/p>\n\n\n\n<p class=\"wp-block-paragraph\"><\/p>\n","protected":false},"excerpt":{"rendered":"<p>Se proyecta la pel\u00edcula dirigida por Georgina Zanardi y Marcelo Leguiza basada en el c\u00f3mic hom\u00f3nimo creado por Jorge Lucas El domingo 5 de septiembre, a las 19 hs, se estrena el \u00abCazador, la pel\u00edcula\u00bb, basada en el c\u00f3mic original de Jorge Lucas, con guion de Jorge Lucas y Claudio Ram\u00edrez, producida por Mondo Lila [&hellip;]<\/p>\n","protected":false},"author":4,"featured_media":1744,"comment_status":"closed","ping_status":"closed","sticky":false,"template":"","format":"standard","meta":{"_exactmetrics_skip_tracking":false,"footnotes":""},"categories":[6],"tags":[],"class_list":["post-1743","post","type-post","status-publish","format-standard","has-post-thumbnail","hentry","category-noticias"],"yoast_head":"<!-- This site is optimized with the Yoast SEO plugin v28.3 - https:\/\/yoast.com\/product\/yoast-seo-wordpress\/ -->\n<title>Estreno en Rosario: Cazador, la pel\u00edcula - Centro Cultural Cine Lumi\u00e8re<\/title>\n<meta name=\"robots\" content=\"index, follow, max-snippet:-1, max-image-preview:large, max-video-preview:-1\" \/>\n<link rel=\"canonical\" href=\"https:\/\/lumiererosario.gob.ar\/web\/estreno-en-rosario-cazador-la-pelicula\/\" \/>\n<meta property=\"og:locale\" content=\"es_ES\" \/>\n<meta property=\"og:type\" content=\"article\" \/>\n<meta property=\"og:title\" content=\"Estreno en Rosario: Cazador, la pel\u00edcula - Centro Cultural Cine Lumi\u00e8re\" \/>\n<meta property=\"og:description\" content=\"Se proyecta la pel\u00edcula dirigida por Georgina Zanardi y Marcelo Leguiza basada en el c\u00f3mic hom\u00f3nimo creado por Jorge Lucas El domingo 5 de septiembre, a las 19 hs, se estrena el \u00abCazador, la pel\u00edcula\u00bb, basada en el c\u00f3mic original de Jorge Lucas, con guion de Jorge Lucas y Claudio Ram\u00edrez, producida por Mondo Lila [&hellip;]\" \/>\n<meta property=\"og:url\" content=\"https:\/\/lumiererosario.gob.ar\/web\/estreno-en-rosario-cazador-la-pelicula\/\" \/>\n<meta property=\"og:site_name\" content=\"Centro Cultural Cine Lumi\u00e8re\" \/>\n<meta property=\"article:publisher\" content=\"https:\/\/es-la.facebook.com\/CentroCulturalCineLumiere\/\" \/>\n<meta property=\"article:published_time\" content=\"2021-08-27T13:14:47+00:00\" \/>\n<meta property=\"article:modified_time\" content=\"2021-08-27T13:21:06+00:00\" \/>\n<meta property=\"og:image\" content=\"https:\/\/lumiererosario.gob.ar\/web\/wp-content\/uploads\/2021\/08\/Cazador-004-scaled.jpg\" \/>\n\t<meta property=\"og:image:width\" content=\"2560\" \/>\n\t<meta property=\"og:image:height\" content=\"1707\" \/>\n\t<meta property=\"og:image:type\" content=\"image\/jpeg\" \/>\n<meta name=\"author\" content=\"Lumiere\" \/>\n<meta name=\"twitter:label1\" content=\"Escrito por\" \/>\n\t<meta name=\"twitter:data1\" content=\"Lumiere\" \/>\n\t<meta name=\"twitter:label2\" content=\"Tiempo de lectura\" \/>\n\t<meta name=\"twitter:data2\" content=\"1 minuto\" \/>\n<script type=\"application\/ld+json\" class=\"yoast-schema-graph\">{\"@context\":\"https:\\\/\\\/schema.org\",\"@graph\":[{\"@type\":\"Article\",\"@id\":\"https:\\\/\\\/lumiererosario.gob.ar\\\/web\\\/estreno-en-rosario-cazador-la-pelicula\\\/#article\",\"isPartOf\":{\"@id\":\"https:\\\/\\\/lumiererosario.gob.ar\\\/web\\\/estreno-en-rosario-cazador-la-pelicula\\\/\"},\"author\":{\"name\":\"Lumiere\",\"@id\":\"https:\\\/\\\/lumiererosario.gob.ar\\\/web\\\/#\\\/schema\\\/person\\\/b277aa5b6373bead2f9f24d8a4685515\"},\"headline\":\"Estreno en Rosario: Cazador, la pel\u00edcula\",\"datePublished\":\"2021-08-27T13:14:47+00:00\",\"dateModified\":\"2021-08-27T13:21:06+00:00\",\"mainEntityOfPage\":{\"@id\":\"https:\\\/\\\/lumiererosario.gob.ar\\\/web\\\/estreno-en-rosario-cazador-la-pelicula\\\/\"},\"wordCount\":247,\"publisher\":{\"@id\":\"https:\\\/\\\/lumiererosario.gob.ar\\\/web\\\/#organization\"},\"image\":{\"@id\":\"https:\\\/\\\/lumiererosario.gob.ar\\\/web\\\/estreno-en-rosario-cazador-la-pelicula\\\/#primaryimage\"},\"thumbnailUrl\":\"https:\\\/\\\/lumiererosario.gob.ar\\\/web\\\/wp-content\\\/uploads\\\/2021\\\/08\\\/Cazador-004-scaled.jpg\",\"articleSection\":[\"Noticias\"],\"inLanguage\":\"es\"},{\"@type\":\"WebPage\",\"@id\":\"https:\\\/\\\/lumiererosario.gob.ar\\\/web\\\/estreno-en-rosario-cazador-la-pelicula\\\/\",\"url\":\"https:\\\/\\\/lumiererosario.gob.ar\\\/web\\\/estreno-en-rosario-cazador-la-pelicula\\\/\",\"name\":\"Estreno en Rosario: Cazador, la pel\u00edcula - Centro Cultural Cine Lumi\u00e8re\",\"isPartOf\":{\"@id\":\"https:\\\/\\\/lumiererosario.gob.ar\\\/web\\\/#website\"},\"primaryImageOfPage\":{\"@id\":\"https:\\\/\\\/lumiererosario.gob.ar\\\/web\\\/estreno-en-rosario-cazador-la-pelicula\\\/#primaryimage\"},\"image\":{\"@id\":\"https:\\\/\\\/lumiererosario.gob.ar\\\/web\\\/estreno-en-rosario-cazador-la-pelicula\\\/#primaryimage\"},\"thumbnailUrl\":\"https:\\\/\\\/lumiererosario.gob.ar\\\/web\\\/wp-content\\\/uploads\\\/2021\\\/08\\\/Cazador-004-scaled.jpg\",\"datePublished\":\"2021-08-27T13:14:47+00:00\",\"dateModified\":\"2021-08-27T13:21:06+00:00\",\"breadcrumb\":{\"@id\":\"https:\\\/\\\/lumiererosario.gob.ar\\\/web\\\/estreno-en-rosario-cazador-la-pelicula\\\/#breadcrumb\"},\"inLanguage\":\"es\",\"potentialAction\":[{\"@type\":\"ReadAction\",\"target\":[\"https:\\\/\\\/lumiererosario.gob.ar\\\/web\\\/estreno-en-rosario-cazador-la-pelicula\\\/\"]}]},{\"@type\":\"ImageObject\",\"inLanguage\":\"es\",\"@id\":\"https:\\\/\\\/lumiererosario.gob.ar\\\/web\\\/estreno-en-rosario-cazador-la-pelicula\\\/#primaryimage\",\"url\":\"https:\\\/\\\/lumiererosario.gob.ar\\\/web\\\/wp-content\\\/uploads\\\/2021\\\/08\\\/Cazador-004-scaled.jpg\",\"contentUrl\":\"https:\\\/\\\/lumiererosario.gob.ar\\\/web\\\/wp-content\\\/uploads\\\/2021\\\/08\\\/Cazador-004-scaled.jpg\",\"width\":2560,\"height\":1707,\"caption\":\"cazador la pel\u00edcula\"},{\"@type\":\"BreadcrumbList\",\"@id\":\"https:\\\/\\\/lumiererosario.gob.ar\\\/web\\\/estreno-en-rosario-cazador-la-pelicula\\\/#breadcrumb\",\"itemListElement\":[{\"@type\":\"ListItem\",\"position\":1,\"name\":\"Portada\",\"item\":\"https:\\\/\\\/lumiererosario.gob.ar\\\/web\\\/\"},{\"@type\":\"ListItem\",\"position\":2,\"name\":\"Estreno en Rosario: Cazador, la pel\u00edcula\"}]},{\"@type\":\"WebSite\",\"@id\":\"https:\\\/\\\/lumiererosario.gob.ar\\\/web\\\/#website\",\"url\":\"https:\\\/\\\/lumiererosario.gob.ar\\\/web\\\/\",\"name\":\"Centro Cultural Cine Lumi\u00e8re\",\"description\":\"Cine Lumi\u00e8re es el cine p\u00fablico de Municipalidad de Rosario\",\"publisher\":{\"@id\":\"https:\\\/\\\/lumiererosario.gob.ar\\\/web\\\/#organization\"},\"potentialAction\":[{\"@type\":\"SearchAction\",\"target\":{\"@type\":\"EntryPoint\",\"urlTemplate\":\"https:\\\/\\\/lumiererosario.gob.ar\\\/web\\\/?s={search_term_string}\"},\"query-input\":{\"@type\":\"PropertyValueSpecification\",\"valueRequired\":true,\"valueName\":\"search_term_string\"}}],\"inLanguage\":\"es\"},{\"@type\":\"Organization\",\"@id\":\"https:\\\/\\\/lumiererosario.gob.ar\\\/web\\\/#organization\",\"name\":\"Centro Cultural Cine Lumi\u00e8re\",\"url\":\"https:\\\/\\\/lumiererosario.gob.ar\\\/web\\\/\",\"logo\":{\"@type\":\"ImageObject\",\"inLanguage\":\"es\",\"@id\":\"https:\\\/\\\/lumiererosario.gob.ar\\\/web\\\/#\\\/schema\\\/logo\\\/image\\\/\",\"url\":\"https:\\\/\\\/lumiererosario.gob.ar\\\/web\\\/wp-content\\\/uploads\\\/2019\\\/10\\\/logo-lumiere.png\",\"contentUrl\":\"https:\\\/\\\/lumiererosario.gob.ar\\\/web\\\/wp-content\\\/uploads\\\/2019\\\/10\\\/logo-lumiere.png\",\"width\":350,\"height\":175,\"caption\":\"Centro Cultural Cine Lumi\u00e8re\"},\"image\":{\"@id\":\"https:\\\/\\\/lumiererosario.gob.ar\\\/web\\\/#\\\/schema\\\/logo\\\/image\\\/\"},\"sameAs\":[\"https:\\\/\\\/es-la.facebook.com\\\/CentroCulturalCineLumiere\\\/\",\"https:\\\/\\\/www.instagram.com\\\/cccinelumiere\\\/\",\"https:\\\/\\\/www.youtube.com\\\/channel\\\/UCuhG8G0hl5YdZz-j9xf2muQ\\\/videos\"]},{\"@type\":\"Person\",\"@id\":\"https:\\\/\\\/lumiererosario.gob.ar\\\/web\\\/#\\\/schema\\\/person\\\/b277aa5b6373bead2f9f24d8a4685515\",\"name\":\"Lumiere\",\"image\":{\"@type\":\"ImageObject\",\"inLanguage\":\"es\",\"@id\":\"https:\\\/\\\/secure.gravatar.com\\\/avatar\\\/55023256612ceff6f4116cc63c5cebd0636b08f442b8430a8f7228e179c3eebb?s=96&d=mm&r=g\",\"url\":\"https:\\\/\\\/secure.gravatar.com\\\/avatar\\\/55023256612ceff6f4116cc63c5cebd0636b08f442b8430a8f7228e179c3eebb?s=96&d=mm&r=g\",\"contentUrl\":\"https:\\\/\\\/secure.gravatar.com\\\/avatar\\\/55023256612ceff6f4116cc63c5cebd0636b08f442b8430a8f7228e179c3eebb?s=96&d=mm&r=g\",\"caption\":\"Lumiere\"}}]}<\/script>\n<!-- \/ Yoast SEO plugin. -->","yoast_head_json":{"title":"Estreno en Rosario: Cazador, la pel\u00edcula - Centro Cultural Cine Lumi\u00e8re","robots":{"index":"index","follow":"follow","max-snippet":"max-snippet:-1","max-image-preview":"max-image-preview:large","max-video-preview":"max-video-preview:-1"},"canonical":"https:\/\/lumiererosario.gob.ar\/web\/estreno-en-rosario-cazador-la-pelicula\/","og_locale":"es_ES","og_type":"article","og_title":"Estreno en Rosario: Cazador, la pel\u00edcula - Centro Cultural Cine Lumi\u00e8re","og_description":"Se proyecta la pel\u00edcula dirigida por Georgina Zanardi y Marcelo Leguiza basada en el c\u00f3mic hom\u00f3nimo creado por Jorge Lucas El domingo 5 de septiembre, a las 19 hs, se estrena el \u00abCazador, la pel\u00edcula\u00bb, basada en el c\u00f3mic original de Jorge Lucas, con guion de Jorge Lucas y Claudio Ram\u00edrez, producida por Mondo Lila [&hellip;]","og_url":"https:\/\/lumiererosario.gob.ar\/web\/estreno-en-rosario-cazador-la-pelicula\/","og_site_name":"Centro Cultural Cine Lumi\u00e8re","article_publisher":"https:\/\/es-la.facebook.com\/CentroCulturalCineLumiere\/","article_published_time":"2021-08-27T13:14:47+00:00","article_modified_time":"2021-08-27T13:21:06+00:00","og_image":[{"width":2560,"height":1707,"url":"https:\/\/lumiererosario.gob.ar\/web\/wp-content\/uploads\/2021\/08\/Cazador-004-scaled.jpg","type":"image\/jpeg"}],"author":"Lumiere","twitter_misc":{"Escrito por":"Lumiere","Tiempo de lectura":"1 minuto"},"schema":{"@context":"https:\/\/schema.org","@graph":[{"@type":"Article","@id":"https:\/\/lumiererosario.gob.ar\/web\/estreno-en-rosario-cazador-la-pelicula\/#article","isPartOf":{"@id":"https:\/\/lumiererosario.gob.ar\/web\/estreno-en-rosario-cazador-la-pelicula\/"},"author":{"name":"Lumiere","@id":"https:\/\/lumiererosario.gob.ar\/web\/#\/schema\/person\/b277aa5b6373bead2f9f24d8a4685515"},"headline":"Estreno en Rosario: Cazador, la pel\u00edcula","datePublished":"2021-08-27T13:14:47+00:00","dateModified":"2021-08-27T13:21:06+00:00","mainEntityOfPage":{"@id":"https:\/\/lumiererosario.gob.ar\/web\/estreno-en-rosario-cazador-la-pelicula\/"},"wordCount":247,"publisher":{"@id":"https:\/\/lumiererosario.gob.ar\/web\/#organization"},"image":{"@id":"https:\/\/lumiererosario.gob.ar\/web\/estreno-en-rosario-cazador-la-pelicula\/#primaryimage"},"thumbnailUrl":"https:\/\/lumiererosario.gob.ar\/web\/wp-content\/uploads\/2021\/08\/Cazador-004-scaled.jpg","articleSection":["Noticias"],"inLanguage":"es"},{"@type":"WebPage","@id":"https:\/\/lumiererosario.gob.ar\/web\/estreno-en-rosario-cazador-la-pelicula\/","url":"https:\/\/lumiererosario.gob.ar\/web\/estreno-en-rosario-cazador-la-pelicula\/","name":"Estreno en Rosario: Cazador, la pel\u00edcula - Centro Cultural Cine Lumi\u00e8re","isPartOf":{"@id":"https:\/\/lumiererosario.gob.ar\/web\/#website"},"primaryImageOfPage":{"@id":"https:\/\/lumiererosario.gob.ar\/web\/estreno-en-rosario-cazador-la-pelicula\/#primaryimage"},"image":{"@id":"https:\/\/lumiererosario.gob.ar\/web\/estreno-en-rosario-cazador-la-pelicula\/#primaryimage"},"thumbnailUrl":"https:\/\/lumiererosario.gob.ar\/web\/wp-content\/uploads\/2021\/08\/Cazador-004-scaled.jpg","datePublished":"2021-08-27T13:14:47+00:00","dateModified":"2021-08-27T13:21:06+00:00","breadcrumb":{"@id":"https:\/\/lumiererosario.gob.ar\/web\/estreno-en-rosario-cazador-la-pelicula\/#breadcrumb"},"inLanguage":"es","potentialAction":[{"@type":"ReadAction","target":["https:\/\/lumiererosario.gob.ar\/web\/estreno-en-rosario-cazador-la-pelicula\/"]}]},{"@type":"ImageObject","inLanguage":"es","@id":"https:\/\/lumiererosario.gob.ar\/web\/estreno-en-rosario-cazador-la-pelicula\/#primaryimage","url":"https:\/\/lumiererosario.gob.ar\/web\/wp-content\/uploads\/2021\/08\/Cazador-004-scaled.jpg","contentUrl":"https:\/\/lumiererosario.gob.ar\/web\/wp-content\/uploads\/2021\/08\/Cazador-004-scaled.jpg","width":2560,"height":1707,"caption":"cazador la pel\u00edcula"},{"@type":"BreadcrumbList","@id":"https:\/\/lumiererosario.gob.ar\/web\/estreno-en-rosario-cazador-la-pelicula\/#breadcrumb","itemListElement":[{"@type":"ListItem","position":1,"name":"Portada","item":"https:\/\/lumiererosario.gob.ar\/web\/"},{"@type":"ListItem","position":2,"name":"Estreno en Rosario: Cazador, la pel\u00edcula"}]},{"@type":"WebSite","@id":"https:\/\/lumiererosario.gob.ar\/web\/#website","url":"https:\/\/lumiererosario.gob.ar\/web\/","name":"Centro Cultural Cine Lumi\u00e8re","description":"Cine Lumi\u00e8re es el cine p\u00fablico de Municipalidad de Rosario","publisher":{"@id":"https:\/\/lumiererosario.gob.ar\/web\/#organization"},"potentialAction":[{"@type":"SearchAction","target":{"@type":"EntryPoint","urlTemplate":"https:\/\/lumiererosario.gob.ar\/web\/?s={search_term_string}"},"query-input":{"@type":"PropertyValueSpecification","valueRequired":true,"valueName":"search_term_string"}}],"inLanguage":"es"},{"@type":"Organization","@id":"https:\/\/lumiererosario.gob.ar\/web\/#organization","name":"Centro Cultural Cine Lumi\u00e8re","url":"https:\/\/lumiererosario.gob.ar\/web\/","logo":{"@type":"ImageObject","inLanguage":"es","@id":"https:\/\/lumiererosario.gob.ar\/web\/#\/schema\/logo\/image\/","url":"https:\/\/lumiererosario.gob.ar\/web\/wp-content\/uploads\/2019\/10\/logo-lumiere.png","contentUrl":"https:\/\/lumiererosario.gob.ar\/web\/wp-content\/uploads\/2019\/10\/logo-lumiere.png","width":350,"height":175,"caption":"Centro Cultural Cine Lumi\u00e8re"},"image":{"@id":"https:\/\/lumiererosario.gob.ar\/web\/#\/schema\/logo\/image\/"},"sameAs":["https:\/\/es-la.facebook.com\/CentroCulturalCineLumiere\/","https:\/\/www.instagram.com\/cccinelumiere\/","https:\/\/www.youtube.com\/channel\/UCuhG8G0hl5YdZz-j9xf2muQ\/videos"]},{"@type":"Person","@id":"https:\/\/lumiererosario.gob.ar\/web\/#\/schema\/person\/b277aa5b6373bead2f9f24d8a4685515","name":"Lumiere","image":{"@type":"ImageObject","inLanguage":"es","@id":"https:\/\/secure.gravatar.com\/avatar\/55023256612ceff6f4116cc63c5cebd0636b08f442b8430a8f7228e179c3eebb?s=96&d=mm&r=g","url":"https:\/\/secure.gravatar.com\/avatar\/55023256612ceff6f4116cc63c5cebd0636b08f442b8430a8f7228e179c3eebb?s=96&d=mm&r=g","contentUrl":"https:\/\/secure.gravatar.com\/avatar\/55023256612ceff6f4116cc63c5cebd0636b08f442b8430a8f7228e179c3eebb?s=96&d=mm&r=g","caption":"Lumiere"}}]}},"_links":{"self":[{"href":"https:\/\/lumiererosario.gob.ar\/web\/wp-json\/wp\/v2\/posts\/1743","targetHints":{"allow":["GET"]}}],"collection":[{"href":"https:\/\/lumiererosario.gob.ar\/web\/wp-json\/wp\/v2\/posts"}],"about":[{"href":"https:\/\/lumiererosario.gob.ar\/web\/wp-json\/wp\/v2\/types\/post"}],"author":[{"embeddable":true,"href":"https:\/\/lumiererosario.gob.ar\/web\/wp-json\/wp\/v2\/users\/4"}],"replies":[{"embeddable":true,"href":"https:\/\/lumiererosario.gob.ar\/web\/wp-json\/wp\/v2\/comments?post=1743"}],"version-history":[{"count":2,"href":"https:\/\/lumiererosario.gob.ar\/web\/wp-json\/wp\/v2\/posts\/1743\/revisions"}],"predecessor-version":[{"id":1747,"href":"https:\/\/lumiererosario.gob.ar\/web\/wp-json\/wp\/v2\/posts\/1743\/revisions\/1747"}],"wp:featuredmedia":[{"embeddable":true,"href":"https:\/\/lumiererosario.gob.ar\/web\/wp-json\/wp\/v2\/media\/1744"}],"wp:attachment":[{"href":"https:\/\/lumiererosario.gob.ar\/web\/wp-json\/wp\/v2\/media?parent=1743"}],"wp:term":[{"taxonomy":"category","embeddable":true,"href":"https:\/\/lumiererosario.gob.ar\/web\/wp-json\/wp\/v2\/categories?post=1743"},{"taxonomy":"post_tag","embeddable":true,"href":"https:\/\/lumiererosario.gob.ar\/web\/wp-json\/wp\/v2\/tags?post=1743"}],"curies":[{"name":"wp","href":"https:\/\/api.w.org\/{rel}","templated":true}]}}