{"id":12953,"date":"2026-04-24T11:14:10","date_gmt":"2026-04-24T14:14:10","guid":{"rendered":"https:\/\/lumiererosario.gob.ar\/web\/?p=12953"},"modified":"2026-04-28T10:55:12","modified_gmt":"2026-04-28T13:55:12","slug":"mayo-en-cine-lumiere-3","status":"publish","type":"post","link":"https:\/\/lumiererosario.gob.ar\/web\/mayo-en-cine-lumiere-3\/","title":{"rendered":"Mayo en Cine Lumi\u00e8re"},"content":{"rendered":"\n<p><strong>Durante este mes celebramos STAR WARS DAY un nuevo homenaje a la saga m\u00e1s convocante de todos los tiempos. Tambi\u00e9n recibimos la primera edici\u00f3n del a\u00f1o de M\u00daSICA EN LA PANTALLA GRANDE junto al Ensamble Municipal de Vientos. En cartelera presentamos el mejor cine europeo contempor\u00e1neo; cine italiano, alem\u00e1n y franc\u00e9s y para los amantes del g\u00e9nero el #Foco EuroTerror. M\u00e1s la ya cl\u00e1sica funci\u00f3n mensual de Terror en VHS. Los domingos recorremos historias de f\u00fatbol y mundiales en la pantalla grande como antesala a la Copa del Mundo 2026. Tambi\u00e9n hay tardes de cine ATP, con funci\u00f3n distendida. Y una invitaci\u00f3n para agendar: el viernes 29 de mayo comienza el 31\u00b0 Festival de Cine Latinoamerciano de Rosario en Cine Lumi\u00e8re.<\/strong><\/p>\n\n\n\n<p>Este oto\u00f1o nos encontramos en el cine m\u00e1s lindo de la ciudad para compartir tardes y noches de pel\u00edculas para todos los p\u00fablicos, con funciones de jueves a domingos, siempre con entrada gratuita.<br><a href=\"https:\/\/lumiererosario.gob.ar\/web\/cartelera\/\">Visit\u00e1 la cartelera de Cine Lumi\u00e8re<\/a>.<\/p>\n\n\n\n\n\n<p>Los<strong> jueves <\/strong>junto a la Alianza Francesa de Rosario y al Goethe-Institut Buenos Aires abrimos una ventana a Europa con lo mejor del cine alem\u00e1n y franc\u00e9s contempor\u00e1neo con dos obras; <strong><em>CU\u00c1NDO SER\u00c1 POR FIN COMO NUNCA FUE<\/em><\/strong> de Sonja Heiss (Alemania, 2023) y <strong><em>ANIMAL <\/em><\/strong>de Emma Benestan (Francia, 2024)<\/p>\n\n\n\n<p>Los<strong> viernes<\/strong> nos sumergimos en las sombras y bajo el <strong><em>#Foco Euroterror <\/em><\/strong>recuperamos una etapa dorada del cine donde el misticismo, el sexplotation y gore se entrelazan para desafiar las convenciones del g\u00e9nero. A trav\u00e9s de dos obras fundamentales, exploramos c\u00f3mo el cine del viejo continente transform\u00f3 nuestras pesadillas en arte. En pantalla <strong><em>HIJAS DE LA OSCURIDAD<\/em><\/strong> (B\u00e9lgica, 1971) con direcci\u00f3n de Harry K\u00fcmel y <strong><em>P\u00c1NICO EN EL TRANSIBERIANO<\/em><\/strong> (Espa\u00f1a, 1972 ) de Eugenio Mart\u00edn. Luego, el viernes 22 tendr\u00e1 lugar la funci\u00f3n especial de <strong><em>TERROR EN VHS<\/em><\/strong>, pel\u00edculas anal\u00f3gicas y no can\u00f3nicas elegidas por el p\u00fablico y proyectadas en sala desde la videocasetera.<\/p>\n\n\n\n<p>Las <strong>tardes de s\u00e1bado<\/strong> a las 18 hs son de pel\u00edculas para toda la familia. Este mes <strong><em>MOON, MI AMIGO PANDA<\/em><\/strong> (Francia, 2025). En la<strong> segunda funci\u00f3n <\/strong>de las 20 hs, llega la multipremiada <strong><em>LA GRAZIA<\/em><\/strong> (2025), una comedia dram\u00e1tica italiana dirigida por Paolo Sorrentino, encabezada por Toni Servillo como el presidente Mariano De Santis. El elenco incluye a Anna Ferzetti (Dorotea), Orlando Cinque (Colonnello Labaro), Massimo Venturiello (Ugo Romani) y Milvia Marigliano (Coco Valori).<br><strong><em>LA GRAZIA<\/em> podr\u00e1 verse los s\u00e1bados 2, 9 y 23 de mayo, 20 hs y con entrada gratuita.<\/strong><\/p>\n\n\n\n<p>El s\u00e1bado 16, 20h, se presenta <strong><em>M\u00daSICA DE LA PANTALLA GRANDE<\/em><\/strong>. El Ensamble Municipal de Vientos ofrecer\u00e1 un repertorio renovado que invita a recorrer algunas de las bandas sonoras m\u00e1s emblem\u00e1ticas del cine. El programa incluir\u00e1 m\u00fasica de pel\u00edculas inolvidables como ET, Gladiador y Star Wars, entre otras, en versiones especialmente adaptadas para formaci\u00f3n de vientos. Con la direcci\u00f3n del Maestro Leonel L\u00faquez.<\/p>\n\n\n\n<p>El <strong><em>D\u00cdA INTERNACIONAL DE STAR WARS<\/em><\/strong> llega una vez m\u00e1s al Cine Lumi\u00e8re de la mano de Base Rosario para celebrar el universo de la saga m\u00e1s convocante el domingo 3 de mayo desde las 16 hs, con entrada gratuita. Star Wars Day 2026 en Cine Lumi\u00e8re nos espera con espacio de Fotograf\u00edas con tus personajes favoritos, desfile de Desfile de personajes y a las 18 hs funci\u00f3n Homenaje a Rogue One de Gareth Edwards.<\/p>\n\n\n\n<p>Los <strong>domingos<\/strong> de mayo contin\u00faan con historias de f\u00fatbol y mundiales en la pantalla grande como antesala a la Copa del Mundo 2026. Compartimos <strong><em>EL DOCUMENTAL DEL 10<\/em><\/strong> de Lucas Costa, una mirada original sobre la vida de Maradona contada a trav\u00e9s de m\u00fasica, literatura, poes\u00eda y mucho m\u00e1s, y <strong><em>H\u00c9ROES <\/em><\/strong>1986, para volver a pasar por el coraz\u00f3n el arte de Diego Maradona. El ciclo culmina con la <strong><em>LA CASACA DE DIOS<\/em><\/strong> una pel\u00edcula recientemente estrenada, dirigida por <em>Fern\u00e1n Mir\u00e1s<\/em>, protagonizada por <em>Natalia Oreiro y Jorge Marrale. <\/em><\/p>\n\n\n\n<p>Y mucho m\u00e1s!!<br>En mayo<strong> comienza la 31\u00b0 edici\u00f3n del FESTIVAL DE CINE LATINOAMERICANO ROSARIO<\/strong> que tendr\u00e1 lugar del 29 de mayo al 6 de junio, con Punto Audiovisual &#8211; Cine Lumi\u00e8re como organizador y sede principal, promovido por la Municipalidad de Rosario. <strong>La funci\u00f3n apertura ser\u00e1 el viernes 29 de mayo en el Lumi\u00e8re con grandes figuras invitadas<\/strong>\u2026 muy pronto novedades!!<\/p>\n\n\n\n<p><a href=\"https:\/\/lumiererosario.gob.ar\/web\/cartelera\/\">Consult\u00e1 nuestra cartelera.<\/a><\/p>\n\n\n\n<p>ENTRADA GRATUITA (Boleter\u00eda abierta media hora antes de cada funci\u00f3n)<br>Sala Climatizada | V\u00e9lez Sarsfield 1027<\/p>\n\n\n\n<p><\/p>\n","protected":false},"excerpt":{"rendered":"<p>Durante este mes celebramos STAR WARS DAY un nuevo homenaje a la saga m\u00e1s convocante de todos los tiempos. Tambi\u00e9n recibimos la primera edici\u00f3n del a\u00f1o de M\u00daSICA EN LA PANTALLA GRANDE junto al Ensamble Municipal de Vientos. En cartelera presentamos el mejor cine europeo contempor\u00e1neo; cine italiano, alem\u00e1n y franc\u00e9s y para los amantes [&hellip;]<\/p>\n","protected":false},"author":4,"featured_media":12954,"comment_status":"closed","ping_status":"closed","sticky":true,"template":"","format":"standard","meta":{"_exactmetrics_skip_tracking":false,"_exactmetrics_sitenote_active":false,"_exactmetrics_sitenote_note":"","_exactmetrics_sitenote_category":0,"footnotes":""},"categories":[6],"tags":[],"class_list":["post-12953","post","type-post","status-publish","format-standard","has-post-thumbnail","hentry","category-noticias"],"yoast_head":"<!-- This site is optimized with the Yoast SEO plugin v25.6 - https:\/\/yoast.com\/wordpress\/plugins\/seo\/ -->\n<title>Mayo en Cine Lumi\u00e8re - Centro Cultural Cine Lumi\u00e8re<\/title>\n<meta name=\"robots\" content=\"index, follow, max-snippet:-1, max-image-preview:large, max-video-preview:-1\" \/>\n<link rel=\"canonical\" href=\"https:\/\/lumiererosario.gob.ar\/web\/mayo-en-cine-lumiere-3\/\" \/>\n<meta property=\"og:locale\" content=\"es_ES\" \/>\n<meta property=\"og:type\" content=\"article\" \/>\n<meta property=\"og:title\" content=\"Mayo en Cine Lumi\u00e8re - Centro Cultural Cine Lumi\u00e8re\" \/>\n<meta property=\"og:description\" content=\"Durante este mes celebramos STAR WARS DAY un nuevo homenaje a la saga m\u00e1s convocante de todos los tiempos. Tambi\u00e9n recibimos la primera edici\u00f3n del a\u00f1o de M\u00daSICA EN LA PANTALLA GRANDE junto al Ensamble Municipal de Vientos. En cartelera presentamos el mejor cine europeo contempor\u00e1neo; cine italiano, alem\u00e1n y franc\u00e9s y para los amantes [&hellip;]\" \/>\n<meta property=\"og:url\" content=\"https:\/\/lumiererosario.gob.ar\/web\/mayo-en-cine-lumiere-3\/\" \/>\n<meta property=\"og:site_name\" content=\"Centro Cultural Cine Lumi\u00e8re\" \/>\n<meta property=\"article:publisher\" content=\"https:\/\/es-la.facebook.com\/CentroCulturalCineLumiere\/\" \/>\n<meta property=\"article:published_time\" content=\"2026-04-24T14:14:10+00:00\" \/>\n<meta property=\"article:modified_time\" content=\"2026-04-28T13:55:12+00:00\" \/>\n<meta property=\"og:image\" content=\"https:\/\/lumiererosario.gob.ar\/web\/wp-content\/uploads\/2026\/04\/la-grazia-01-1.jpg\" \/>\n\t<meta property=\"og:image:width\" content=\"900\" \/>\n\t<meta property=\"og:image:height\" content=\"600\" \/>\n\t<meta property=\"og:image:type\" content=\"image\/jpeg\" \/>\n<meta name=\"author\" content=\"Lumiere\" \/>\n<meta name=\"twitter:label1\" content=\"Escrito por\" \/>\n\t<meta name=\"twitter:data1\" content=\"Lumiere\" \/>\n\t<meta name=\"twitter:label2\" content=\"Tiempo de lectura\" \/>\n\t<meta name=\"twitter:data2\" content=\"4 minutos\" \/>\n<script type=\"application\/ld+json\" class=\"yoast-schema-graph\">{\"@context\":\"https:\/\/schema.org\",\"@graph\":[{\"@type\":\"Article\",\"@id\":\"https:\/\/lumiererosario.gob.ar\/web\/mayo-en-cine-lumiere-3\/#article\",\"isPartOf\":{\"@id\":\"https:\/\/lumiererosario.gob.ar\/web\/mayo-en-cine-lumiere-3\/\"},\"author\":{\"name\":\"Lumiere\",\"@id\":\"https:\/\/lumiererosario.gob.ar\/web\/#\/schema\/person\/b277aa5b6373bead2f9f24d8a4685515\"},\"headline\":\"Mayo en Cine Lumi\u00e8re\",\"datePublished\":\"2026-04-24T14:14:10+00:00\",\"dateModified\":\"2026-04-28T13:55:12+00:00\",\"mainEntityOfPage\":{\"@id\":\"https:\/\/lumiererosario.gob.ar\/web\/mayo-en-cine-lumiere-3\/\"},\"wordCount\":768,\"publisher\":{\"@id\":\"https:\/\/lumiererosario.gob.ar\/web\/#organization\"},\"image\":{\"@id\":\"https:\/\/lumiererosario.gob.ar\/web\/mayo-en-cine-lumiere-3\/#primaryimage\"},\"thumbnailUrl\":\"https:\/\/lumiererosario.gob.ar\/web\/wp-content\/uploads\/2026\/04\/la-grazia-01-1.jpg\",\"articleSection\":[\"Noticias\"],\"inLanguage\":\"es\"},{\"@type\":\"WebPage\",\"@id\":\"https:\/\/lumiererosario.gob.ar\/web\/mayo-en-cine-lumiere-3\/\",\"url\":\"https:\/\/lumiererosario.gob.ar\/web\/mayo-en-cine-lumiere-3\/\",\"name\":\"Mayo en Cine Lumi\u00e8re - Centro Cultural Cine Lumi\u00e8re\",\"isPartOf\":{\"@id\":\"https:\/\/lumiererosario.gob.ar\/web\/#website\"},\"primaryImageOfPage\":{\"@id\":\"https:\/\/lumiererosario.gob.ar\/web\/mayo-en-cine-lumiere-3\/#primaryimage\"},\"image\":{\"@id\":\"https:\/\/lumiererosario.gob.ar\/web\/mayo-en-cine-lumiere-3\/#primaryimage\"},\"thumbnailUrl\":\"https:\/\/lumiererosario.gob.ar\/web\/wp-content\/uploads\/2026\/04\/la-grazia-01-1.jpg\",\"datePublished\":\"2026-04-24T14:14:10+00:00\",\"dateModified\":\"2026-04-28T13:55:12+00:00\",\"breadcrumb\":{\"@id\":\"https:\/\/lumiererosario.gob.ar\/web\/mayo-en-cine-lumiere-3\/#breadcrumb\"},\"inLanguage\":\"es\",\"potentialAction\":[{\"@type\":\"ReadAction\",\"target\":[\"https:\/\/lumiererosario.gob.ar\/web\/mayo-en-cine-lumiere-3\/\"]}]},{\"@type\":\"ImageObject\",\"inLanguage\":\"es\",\"@id\":\"https:\/\/lumiererosario.gob.ar\/web\/mayo-en-cine-lumiere-3\/#primaryimage\",\"url\":\"https:\/\/lumiererosario.gob.ar\/web\/wp-content\/uploads\/2026\/04\/la-grazia-01-1.jpg\",\"contentUrl\":\"https:\/\/lumiererosario.gob.ar\/web\/wp-content\/uploads\/2026\/04\/la-grazia-01-1.jpg\",\"width\":900,\"height\":600},{\"@type\":\"BreadcrumbList\",\"@id\":\"https:\/\/lumiererosario.gob.ar\/web\/mayo-en-cine-lumiere-3\/#breadcrumb\",\"itemListElement\":[{\"@type\":\"ListItem\",\"position\":1,\"name\":\"Portada\",\"item\":\"https:\/\/lumiererosario.gob.ar\/web\/\"},{\"@type\":\"ListItem\",\"position\":2,\"name\":\"Mayo en Cine Lumi\u00e8re\"}]},{\"@type\":\"WebSite\",\"@id\":\"https:\/\/lumiererosario.gob.ar\/web\/#website\",\"url\":\"https:\/\/lumiererosario.gob.ar\/web\/\",\"name\":\"Centro Cultural Cine Lumi\u00e8re\",\"description\":\"Cine Lumi\u00e8re es el cine p\u00fablico de Municipalidad de Rosario\",\"publisher\":{\"@id\":\"https:\/\/lumiererosario.gob.ar\/web\/#organization\"},\"potentialAction\":[{\"@type\":\"SearchAction\",\"target\":{\"@type\":\"EntryPoint\",\"urlTemplate\":\"https:\/\/lumiererosario.gob.ar\/web\/?s={search_term_string}\"},\"query-input\":{\"@type\":\"PropertyValueSpecification\",\"valueRequired\":true,\"valueName\":\"search_term_string\"}}],\"inLanguage\":\"es\"},{\"@type\":\"Organization\",\"@id\":\"https:\/\/lumiererosario.gob.ar\/web\/#organization\",\"name\":\"Centro Cultural Cine Lumi\u00e8re\",\"url\":\"https:\/\/lumiererosario.gob.ar\/web\/\",\"logo\":{\"@type\":\"ImageObject\",\"inLanguage\":\"es\",\"@id\":\"https:\/\/lumiererosario.gob.ar\/web\/#\/schema\/logo\/image\/\",\"url\":\"https:\/\/lumiererosario.gob.ar\/web\/wp-content\/uploads\/2019\/10\/logo-lumiere.png\",\"contentUrl\":\"https:\/\/lumiererosario.gob.ar\/web\/wp-content\/uploads\/2019\/10\/logo-lumiere.png\",\"width\":350,\"height\":175,\"caption\":\"Centro Cultural Cine Lumi\u00e8re\"},\"image\":{\"@id\":\"https:\/\/lumiererosario.gob.ar\/web\/#\/schema\/logo\/image\/\"},\"sameAs\":[\"https:\/\/es-la.facebook.com\/CentroCulturalCineLumiere\/\",\"https:\/\/www.instagram.com\/cccinelumiere\/\",\"https:\/\/www.youtube.com\/channel\/UCuhG8G0hl5YdZz-j9xf2muQ\/videos\"]},{\"@type\":\"Person\",\"@id\":\"https:\/\/lumiererosario.gob.ar\/web\/#\/schema\/person\/b277aa5b6373bead2f9f24d8a4685515\",\"name\":\"Lumiere\",\"image\":{\"@type\":\"ImageObject\",\"inLanguage\":\"es\",\"@id\":\"https:\/\/lumiererosario.gob.ar\/web\/#\/schema\/person\/image\/\",\"url\":\"https:\/\/secure.gravatar.com\/avatar\/023d2460701349f67fb8c23441481066?s=96&d=mm&r=g\",\"contentUrl\":\"https:\/\/secure.gravatar.com\/avatar\/023d2460701349f67fb8c23441481066?s=96&d=mm&r=g\",\"caption\":\"Lumiere\"}}]}<\/script>\n<!-- \/ Yoast SEO plugin. -->","yoast_head_json":{"title":"Mayo en Cine Lumi\u00e8re - Centro Cultural Cine Lumi\u00e8re","robots":{"index":"index","follow":"follow","max-snippet":"max-snippet:-1","max-image-preview":"max-image-preview:large","max-video-preview":"max-video-preview:-1"},"canonical":"https:\/\/lumiererosario.gob.ar\/web\/mayo-en-cine-lumiere-3\/","og_locale":"es_ES","og_type":"article","og_title":"Mayo en Cine Lumi\u00e8re - Centro Cultural Cine Lumi\u00e8re","og_description":"Durante este mes celebramos STAR WARS DAY un nuevo homenaje a la saga m\u00e1s convocante de todos los tiempos. Tambi\u00e9n recibimos la primera edici\u00f3n del a\u00f1o de M\u00daSICA EN LA PANTALLA GRANDE junto al Ensamble Municipal de Vientos. En cartelera presentamos el mejor cine europeo contempor\u00e1neo; cine italiano, alem\u00e1n y franc\u00e9s y para los amantes [&hellip;]","og_url":"https:\/\/lumiererosario.gob.ar\/web\/mayo-en-cine-lumiere-3\/","og_site_name":"Centro Cultural Cine Lumi\u00e8re","article_publisher":"https:\/\/es-la.facebook.com\/CentroCulturalCineLumiere\/","article_published_time":"2026-04-24T14:14:10+00:00","article_modified_time":"2026-04-28T13:55:12+00:00","og_image":[{"width":900,"height":600,"url":"https:\/\/lumiererosario.gob.ar\/web\/wp-content\/uploads\/2026\/04\/la-grazia-01-1.jpg","type":"image\/jpeg"}],"author":"Lumiere","twitter_misc":{"Escrito por":"Lumiere","Tiempo de lectura":"4 minutos"},"schema":{"@context":"https:\/\/schema.org","@graph":[{"@type":"Article","@id":"https:\/\/lumiererosario.gob.ar\/web\/mayo-en-cine-lumiere-3\/#article","isPartOf":{"@id":"https:\/\/lumiererosario.gob.ar\/web\/mayo-en-cine-lumiere-3\/"},"author":{"name":"Lumiere","@id":"https:\/\/lumiererosario.gob.ar\/web\/#\/schema\/person\/b277aa5b6373bead2f9f24d8a4685515"},"headline":"Mayo en Cine Lumi\u00e8re","datePublished":"2026-04-24T14:14:10+00:00","dateModified":"2026-04-28T13:55:12+00:00","mainEntityOfPage":{"@id":"https:\/\/lumiererosario.gob.ar\/web\/mayo-en-cine-lumiere-3\/"},"wordCount":768,"publisher":{"@id":"https:\/\/lumiererosario.gob.ar\/web\/#organization"},"image":{"@id":"https:\/\/lumiererosario.gob.ar\/web\/mayo-en-cine-lumiere-3\/#primaryimage"},"thumbnailUrl":"https:\/\/lumiererosario.gob.ar\/web\/wp-content\/uploads\/2026\/04\/la-grazia-01-1.jpg","articleSection":["Noticias"],"inLanguage":"es"},{"@type":"WebPage","@id":"https:\/\/lumiererosario.gob.ar\/web\/mayo-en-cine-lumiere-3\/","url":"https:\/\/lumiererosario.gob.ar\/web\/mayo-en-cine-lumiere-3\/","name":"Mayo en Cine Lumi\u00e8re - Centro Cultural Cine Lumi\u00e8re","isPartOf":{"@id":"https:\/\/lumiererosario.gob.ar\/web\/#website"},"primaryImageOfPage":{"@id":"https:\/\/lumiererosario.gob.ar\/web\/mayo-en-cine-lumiere-3\/#primaryimage"},"image":{"@id":"https:\/\/lumiererosario.gob.ar\/web\/mayo-en-cine-lumiere-3\/#primaryimage"},"thumbnailUrl":"https:\/\/lumiererosario.gob.ar\/web\/wp-content\/uploads\/2026\/04\/la-grazia-01-1.jpg","datePublished":"2026-04-24T14:14:10+00:00","dateModified":"2026-04-28T13:55:12+00:00","breadcrumb":{"@id":"https:\/\/lumiererosario.gob.ar\/web\/mayo-en-cine-lumiere-3\/#breadcrumb"},"inLanguage":"es","potentialAction":[{"@type":"ReadAction","target":["https:\/\/lumiererosario.gob.ar\/web\/mayo-en-cine-lumiere-3\/"]}]},{"@type":"ImageObject","inLanguage":"es","@id":"https:\/\/lumiererosario.gob.ar\/web\/mayo-en-cine-lumiere-3\/#primaryimage","url":"https:\/\/lumiererosario.gob.ar\/web\/wp-content\/uploads\/2026\/04\/la-grazia-01-1.jpg","contentUrl":"https:\/\/lumiererosario.gob.ar\/web\/wp-content\/uploads\/2026\/04\/la-grazia-01-1.jpg","width":900,"height":600},{"@type":"BreadcrumbList","@id":"https:\/\/lumiererosario.gob.ar\/web\/mayo-en-cine-lumiere-3\/#breadcrumb","itemListElement":[{"@type":"ListItem","position":1,"name":"Portada","item":"https:\/\/lumiererosario.gob.ar\/web\/"},{"@type":"ListItem","position":2,"name":"Mayo en Cine Lumi\u00e8re"}]},{"@type":"WebSite","@id":"https:\/\/lumiererosario.gob.ar\/web\/#website","url":"https:\/\/lumiererosario.gob.ar\/web\/","name":"Centro Cultural Cine Lumi\u00e8re","description":"Cine Lumi\u00e8re es el cine p\u00fablico de Municipalidad de Rosario","publisher":{"@id":"https:\/\/lumiererosario.gob.ar\/web\/#organization"},"potentialAction":[{"@type":"SearchAction","target":{"@type":"EntryPoint","urlTemplate":"https:\/\/lumiererosario.gob.ar\/web\/?s={search_term_string}"},"query-input":{"@type":"PropertyValueSpecification","valueRequired":true,"valueName":"search_term_string"}}],"inLanguage":"es"},{"@type":"Organization","@id":"https:\/\/lumiererosario.gob.ar\/web\/#organization","name":"Centro Cultural Cine Lumi\u00e8re","url":"https:\/\/lumiererosario.gob.ar\/web\/","logo":{"@type":"ImageObject","inLanguage":"es","@id":"https:\/\/lumiererosario.gob.ar\/web\/#\/schema\/logo\/image\/","url":"https:\/\/lumiererosario.gob.ar\/web\/wp-content\/uploads\/2019\/10\/logo-lumiere.png","contentUrl":"https:\/\/lumiererosario.gob.ar\/web\/wp-content\/uploads\/2019\/10\/logo-lumiere.png","width":350,"height":175,"caption":"Centro Cultural Cine Lumi\u00e8re"},"image":{"@id":"https:\/\/lumiererosario.gob.ar\/web\/#\/schema\/logo\/image\/"},"sameAs":["https:\/\/es-la.facebook.com\/CentroCulturalCineLumiere\/","https:\/\/www.instagram.com\/cccinelumiere\/","https:\/\/www.youtube.com\/channel\/UCuhG8G0hl5YdZz-j9xf2muQ\/videos"]},{"@type":"Person","@id":"https:\/\/lumiererosario.gob.ar\/web\/#\/schema\/person\/b277aa5b6373bead2f9f24d8a4685515","name":"Lumiere","image":{"@type":"ImageObject","inLanguage":"es","@id":"https:\/\/lumiererosario.gob.ar\/web\/#\/schema\/person\/image\/","url":"https:\/\/secure.gravatar.com\/avatar\/023d2460701349f67fb8c23441481066?s=96&d=mm&r=g","contentUrl":"https:\/\/secure.gravatar.com\/avatar\/023d2460701349f67fb8c23441481066?s=96&d=mm&r=g","caption":"Lumiere"}}]}},"_links":{"self":[{"href":"https:\/\/lumiererosario.gob.ar\/web\/wp-json\/wp\/v2\/posts\/12953"}],"collection":[{"href":"https:\/\/lumiererosario.gob.ar\/web\/wp-json\/wp\/v2\/posts"}],"about":[{"href":"https:\/\/lumiererosario.gob.ar\/web\/wp-json\/wp\/v2\/types\/post"}],"author":[{"embeddable":true,"href":"https:\/\/lumiererosario.gob.ar\/web\/wp-json\/wp\/v2\/users\/4"}],"replies":[{"embeddable":true,"href":"https:\/\/lumiererosario.gob.ar\/web\/wp-json\/wp\/v2\/comments?post=12953"}],"version-history":[{"count":5,"href":"https:\/\/lumiererosario.gob.ar\/web\/wp-json\/wp\/v2\/posts\/12953\/revisions"}],"predecessor-version":[{"id":12975,"href":"https:\/\/lumiererosario.gob.ar\/web\/wp-json\/wp\/v2\/posts\/12953\/revisions\/12975"}],"wp:featuredmedia":[{"embeddable":true,"href":"https:\/\/lumiererosario.gob.ar\/web\/wp-json\/wp\/v2\/media\/12954"}],"wp:attachment":[{"href":"https:\/\/lumiererosario.gob.ar\/web\/wp-json\/wp\/v2\/media?parent=12953"}],"wp:term":[{"taxonomy":"category","embeddable":true,"href":"https:\/\/lumiererosario.gob.ar\/web\/wp-json\/wp\/v2\/categories?post=12953"},{"taxonomy":"post_tag","embeddable":true,"href":"https:\/\/lumiererosario.gob.ar\/web\/wp-json\/wp\/v2\/tags?post=12953"}],"curies":[{"name":"wp","href":"https:\/\/api.w.org\/{rel}","templated":true}]}}