{"id":1187,"date":"2021-02-22T16:08:42","date_gmt":"2021-02-22T16:08:42","guid":{"rendered":"http:\/\/lumiererosario.gob.ar\/web\/?p=1187"},"modified":"2021-02-22T16:08:43","modified_gmt":"2021-02-22T16:08:43","slug":"todo-el-barrio-es-carnaval","status":"publish","type":"post","link":"https:\/\/lumiererosario.gob.ar\/web\/todo-el-barrio-es-carnaval\/","title":{"rendered":"Todo el barrio es carnaval"},"content":{"rendered":"\n<p><strong>Muestra de fotos de Guillermo Tur\u00edn Bootello<\/strong><\/p>\n\n\n\n<p>Desde el jueves 25 puede visitarse la muestra de fotos que re\u00fane un registro hist\u00f3rico de las celebraciones de carnaval en la ciudad de Rosario. <br>La exposici\u00f3n est\u00e1 compuesta por fotograf\u00edas de Guillermo Tur\u00edn Bootello, fot\u00f3grafo de la Secretar\u00eda de Cultura y Educaci\u00f3n municipal.<\/p>\n\n\n\n<p>Todo el barrio es carnaval podr\u00e1 visitarse a partir del jueves 25 hs, los martes, jueves y viernes de 10 a 12 hs y los s\u00e1bados de 17 a 19 hs.<\/p>\n\n\n\n<p><\/p>\n","protected":false},"excerpt":{"rendered":"<p>Muestra de fotos de Guillermo Tur\u00edn Bootello Desde el jueves 25 puede visitarse la muestra de fotos que re\u00fane un registro hist\u00f3rico de las celebraciones de carnaval en la ciudad de Rosario. La exposici\u00f3n est\u00e1 compuesta por fotograf\u00edas de Guillermo Tur\u00edn Bootello, fot\u00f3grafo de la Secretar\u00eda de Cultura y Educaci\u00f3n municipal. Todo el barrio es [&hellip;]<\/p>\n","protected":false},"author":4,"featured_media":1190,"comment_status":"open","ping_status":"closed","sticky":false,"template":"","format":"standard","meta":{"_exactmetrics_skip_tracking":false,"_exactmetrics_sitenote_active":false,"_exactmetrics_sitenote_note":"","_exactmetrics_sitenote_category":0,"footnotes":""},"categories":[6],"tags":[69,62,68,37,40],"class_list":["post-1187","post","type-post","status-publish","format-standard","has-post-thumbnail","hentry","category-noticias","tag-barrio","tag-carnaval","tag-exposiciones","tag-fotografia-2","tag-muestra"],"yoast_head":"<!-- This site is optimized with the Yoast SEO plugin v25.6 - https:\/\/yoast.com\/wordpress\/plugins\/seo\/ -->\n<title>Todo el barrio es carnaval - Centro Cultural Cine Lumi\u00e8re<\/title>\n<meta name=\"robots\" content=\"index, follow, max-snippet:-1, max-image-preview:large, max-video-preview:-1\" \/>\n<link rel=\"canonical\" href=\"https:\/\/lumiererosario.gob.ar\/web\/todo-el-barrio-es-carnaval\/\" \/>\n<meta property=\"og:locale\" content=\"es_ES\" \/>\n<meta property=\"og:type\" content=\"article\" \/>\n<meta property=\"og:title\" content=\"Todo el barrio es carnaval - Centro Cultural Cine Lumi\u00e8re\" \/>\n<meta property=\"og:description\" content=\"Muestra de fotos de Guillermo Tur\u00edn Bootello Desde el jueves 25 puede visitarse la muestra de fotos que re\u00fane un registro hist\u00f3rico de las celebraciones de carnaval en la ciudad de Rosario. La exposici\u00f3n est\u00e1 compuesta por fotograf\u00edas de Guillermo Tur\u00edn Bootello, fot\u00f3grafo de la Secretar\u00eda de Cultura y Educaci\u00f3n municipal. Todo el barrio es [&hellip;]\" \/>\n<meta property=\"og:url\" content=\"https:\/\/lumiererosario.gob.ar\/web\/todo-el-barrio-es-carnaval\/\" \/>\n<meta property=\"og:site_name\" content=\"Centro Cultural Cine Lumi\u00e8re\" \/>\n<meta property=\"article:publisher\" content=\"https:\/\/es-la.facebook.com\/CentroCulturalCineLumiere\/\" \/>\n<meta property=\"article:published_time\" content=\"2021-02-22T16:08:42+00:00\" \/>\n<meta property=\"article:modified_time\" content=\"2021-02-22T16:08:43+00:00\" \/>\n<meta property=\"og:image\" content=\"https:\/\/lumiererosario.gob.ar\/web\/wp-content\/uploads\/2021\/02\/WhatsApp-Image-2021-02-22-at-12.34.26-PM.jpeg\" \/>\n\t<meta property=\"og:image:width\" content=\"1280\" \/>\n\t<meta property=\"og:image:height\" content=\"799\" \/>\n\t<meta property=\"og:image:type\" content=\"image\/jpeg\" \/>\n<meta name=\"author\" content=\"Lumiere\" \/>\n<meta name=\"twitter:label1\" content=\"Escrito por\" \/>\n\t<meta name=\"twitter:data1\" content=\"Lumiere\" \/>\n<script type=\"application\/ld+json\" class=\"yoast-schema-graph\">{\"@context\":\"https:\/\/schema.org\",\"@graph\":[{\"@type\":\"Article\",\"@id\":\"https:\/\/lumiererosario.gob.ar\/web\/todo-el-barrio-es-carnaval\/#article\",\"isPartOf\":{\"@id\":\"https:\/\/lumiererosario.gob.ar\/web\/todo-el-barrio-es-carnaval\/\"},\"author\":{\"name\":\"Lumiere\",\"@id\":\"https:\/\/lumiererosario.gob.ar\/web\/#\/schema\/person\/b277aa5b6373bead2f9f24d8a4685515\"},\"headline\":\"Todo el barrio es carnaval\",\"datePublished\":\"2021-02-22T16:08:42+00:00\",\"dateModified\":\"2021-02-22T16:08:43+00:00\",\"mainEntityOfPage\":{\"@id\":\"https:\/\/lumiererosario.gob.ar\/web\/todo-el-barrio-es-carnaval\/\"},\"wordCount\":91,\"commentCount\":0,\"publisher\":{\"@id\":\"https:\/\/lumiererosario.gob.ar\/web\/#organization\"},\"image\":{\"@id\":\"https:\/\/lumiererosario.gob.ar\/web\/todo-el-barrio-es-carnaval\/#primaryimage\"},\"thumbnailUrl\":\"https:\/\/lumiererosario.gob.ar\/web\/wp-content\/uploads\/2021\/02\/WhatsApp-Image-2021-02-22-at-12.34.26-PM.jpeg\",\"keywords\":[\"barrio\",\"carnaval\",\"exposiciones\",\"fotograf\u00eda\",\"muestra\"],\"articleSection\":[\"Noticias\"],\"inLanguage\":\"es\",\"potentialAction\":[{\"@type\":\"CommentAction\",\"name\":\"Comment\",\"target\":[\"https:\/\/lumiererosario.gob.ar\/web\/todo-el-barrio-es-carnaval\/#respond\"]}]},{\"@type\":\"WebPage\",\"@id\":\"https:\/\/lumiererosario.gob.ar\/web\/todo-el-barrio-es-carnaval\/\",\"url\":\"https:\/\/lumiererosario.gob.ar\/web\/todo-el-barrio-es-carnaval\/\",\"name\":\"Todo el barrio es carnaval - Centro Cultural Cine Lumi\u00e8re\",\"isPartOf\":{\"@id\":\"https:\/\/lumiererosario.gob.ar\/web\/#website\"},\"primaryImageOfPage\":{\"@id\":\"https:\/\/lumiererosario.gob.ar\/web\/todo-el-barrio-es-carnaval\/#primaryimage\"},\"image\":{\"@id\":\"https:\/\/lumiererosario.gob.ar\/web\/todo-el-barrio-es-carnaval\/#primaryimage\"},\"thumbnailUrl\":\"https:\/\/lumiererosario.gob.ar\/web\/wp-content\/uploads\/2021\/02\/WhatsApp-Image-2021-02-22-at-12.34.26-PM.jpeg\",\"datePublished\":\"2021-02-22T16:08:42+00:00\",\"dateModified\":\"2021-02-22T16:08:43+00:00\",\"breadcrumb\":{\"@id\":\"https:\/\/lumiererosario.gob.ar\/web\/todo-el-barrio-es-carnaval\/#breadcrumb\"},\"inLanguage\":\"es\",\"potentialAction\":[{\"@type\":\"ReadAction\",\"target\":[\"https:\/\/lumiererosario.gob.ar\/web\/todo-el-barrio-es-carnaval\/\"]}]},{\"@type\":\"ImageObject\",\"inLanguage\":\"es\",\"@id\":\"https:\/\/lumiererosario.gob.ar\/web\/todo-el-barrio-es-carnaval\/#primaryimage\",\"url\":\"https:\/\/lumiererosario.gob.ar\/web\/wp-content\/uploads\/2021\/02\/WhatsApp-Image-2021-02-22-at-12.34.26-PM.jpeg\",\"contentUrl\":\"https:\/\/lumiererosario.gob.ar\/web\/wp-content\/uploads\/2021\/02\/WhatsApp-Image-2021-02-22-at-12.34.26-PM.jpeg\",\"width\":1280,\"height\":799},{\"@type\":\"BreadcrumbList\",\"@id\":\"https:\/\/lumiererosario.gob.ar\/web\/todo-el-barrio-es-carnaval\/#breadcrumb\",\"itemListElement\":[{\"@type\":\"ListItem\",\"position\":1,\"name\":\"Portada\",\"item\":\"https:\/\/lumiererosario.gob.ar\/web\/\"},{\"@type\":\"ListItem\",\"position\":2,\"name\":\"Todo el barrio es carnaval\"}]},{\"@type\":\"WebSite\",\"@id\":\"https:\/\/lumiererosario.gob.ar\/web\/#website\",\"url\":\"https:\/\/lumiererosario.gob.ar\/web\/\",\"name\":\"Centro Cultural Cine Lumi\u00e8re\",\"description\":\"Cine Lumi\u00e8re es el cine p\u00fablico de Municipalidad de Rosario\",\"publisher\":{\"@id\":\"https:\/\/lumiererosario.gob.ar\/web\/#organization\"},\"potentialAction\":[{\"@type\":\"SearchAction\",\"target\":{\"@type\":\"EntryPoint\",\"urlTemplate\":\"https:\/\/lumiererosario.gob.ar\/web\/?s={search_term_string}\"},\"query-input\":{\"@type\":\"PropertyValueSpecification\",\"valueRequired\":true,\"valueName\":\"search_term_string\"}}],\"inLanguage\":\"es\"},{\"@type\":\"Organization\",\"@id\":\"https:\/\/lumiererosario.gob.ar\/web\/#organization\",\"name\":\"Centro Cultural Cine Lumi\u00e8re\",\"url\":\"https:\/\/lumiererosario.gob.ar\/web\/\",\"logo\":{\"@type\":\"ImageObject\",\"inLanguage\":\"es\",\"@id\":\"https:\/\/lumiererosario.gob.ar\/web\/#\/schema\/logo\/image\/\",\"url\":\"https:\/\/lumiererosario.gob.ar\/web\/wp-content\/uploads\/2019\/10\/logo-lumiere.png\",\"contentUrl\":\"https:\/\/lumiererosario.gob.ar\/web\/wp-content\/uploads\/2019\/10\/logo-lumiere.png\",\"width\":350,\"height\":175,\"caption\":\"Centro Cultural Cine Lumi\u00e8re\"},\"image\":{\"@id\":\"https:\/\/lumiererosario.gob.ar\/web\/#\/schema\/logo\/image\/\"},\"sameAs\":[\"https:\/\/es-la.facebook.com\/CentroCulturalCineLumiere\/\",\"https:\/\/www.instagram.com\/cccinelumiere\/\",\"https:\/\/www.youtube.com\/channel\/UCuhG8G0hl5YdZz-j9xf2muQ\/videos\"]},{\"@type\":\"Person\",\"@id\":\"https:\/\/lumiererosario.gob.ar\/web\/#\/schema\/person\/b277aa5b6373bead2f9f24d8a4685515\",\"name\":\"Lumiere\",\"image\":{\"@type\":\"ImageObject\",\"inLanguage\":\"es\",\"@id\":\"https:\/\/lumiererosario.gob.ar\/web\/#\/schema\/person\/image\/\",\"url\":\"https:\/\/secure.gravatar.com\/avatar\/023d2460701349f67fb8c23441481066?s=96&d=mm&r=g\",\"contentUrl\":\"https:\/\/secure.gravatar.com\/avatar\/023d2460701349f67fb8c23441481066?s=96&d=mm&r=g\",\"caption\":\"Lumiere\"}}]}<\/script>\n<!-- \/ Yoast SEO plugin. -->","yoast_head_json":{"title":"Todo el barrio es carnaval - Centro Cultural Cine Lumi\u00e8re","robots":{"index":"index","follow":"follow","max-snippet":"max-snippet:-1","max-image-preview":"max-image-preview:large","max-video-preview":"max-video-preview:-1"},"canonical":"https:\/\/lumiererosario.gob.ar\/web\/todo-el-barrio-es-carnaval\/","og_locale":"es_ES","og_type":"article","og_title":"Todo el barrio es carnaval - Centro Cultural Cine Lumi\u00e8re","og_description":"Muestra de fotos de Guillermo Tur\u00edn Bootello Desde el jueves 25 puede visitarse la muestra de fotos que re\u00fane un registro hist\u00f3rico de las celebraciones de carnaval en la ciudad de Rosario. La exposici\u00f3n est\u00e1 compuesta por fotograf\u00edas de Guillermo Tur\u00edn Bootello, fot\u00f3grafo de la Secretar\u00eda de Cultura y Educaci\u00f3n municipal. Todo el barrio es [&hellip;]","og_url":"https:\/\/lumiererosario.gob.ar\/web\/todo-el-barrio-es-carnaval\/","og_site_name":"Centro Cultural Cine Lumi\u00e8re","article_publisher":"https:\/\/es-la.facebook.com\/CentroCulturalCineLumiere\/","article_published_time":"2021-02-22T16:08:42+00:00","article_modified_time":"2021-02-22T16:08:43+00:00","og_image":[{"width":1280,"height":799,"url":"https:\/\/lumiererosario.gob.ar\/web\/wp-content\/uploads\/2021\/02\/WhatsApp-Image-2021-02-22-at-12.34.26-PM.jpeg","type":"image\/jpeg"}],"author":"Lumiere","twitter_misc":{"Escrito por":"Lumiere"},"schema":{"@context":"https:\/\/schema.org","@graph":[{"@type":"Article","@id":"https:\/\/lumiererosario.gob.ar\/web\/todo-el-barrio-es-carnaval\/#article","isPartOf":{"@id":"https:\/\/lumiererosario.gob.ar\/web\/todo-el-barrio-es-carnaval\/"},"author":{"name":"Lumiere","@id":"https:\/\/lumiererosario.gob.ar\/web\/#\/schema\/person\/b277aa5b6373bead2f9f24d8a4685515"},"headline":"Todo el barrio es carnaval","datePublished":"2021-02-22T16:08:42+00:00","dateModified":"2021-02-22T16:08:43+00:00","mainEntityOfPage":{"@id":"https:\/\/lumiererosario.gob.ar\/web\/todo-el-barrio-es-carnaval\/"},"wordCount":91,"commentCount":0,"publisher":{"@id":"https:\/\/lumiererosario.gob.ar\/web\/#organization"},"image":{"@id":"https:\/\/lumiererosario.gob.ar\/web\/todo-el-barrio-es-carnaval\/#primaryimage"},"thumbnailUrl":"https:\/\/lumiererosario.gob.ar\/web\/wp-content\/uploads\/2021\/02\/WhatsApp-Image-2021-02-22-at-12.34.26-PM.jpeg","keywords":["barrio","carnaval","exposiciones","fotograf\u00eda","muestra"],"articleSection":["Noticias"],"inLanguage":"es","potentialAction":[{"@type":"CommentAction","name":"Comment","target":["https:\/\/lumiererosario.gob.ar\/web\/todo-el-barrio-es-carnaval\/#respond"]}]},{"@type":"WebPage","@id":"https:\/\/lumiererosario.gob.ar\/web\/todo-el-barrio-es-carnaval\/","url":"https:\/\/lumiererosario.gob.ar\/web\/todo-el-barrio-es-carnaval\/","name":"Todo el barrio es carnaval - Centro Cultural Cine Lumi\u00e8re","isPartOf":{"@id":"https:\/\/lumiererosario.gob.ar\/web\/#website"},"primaryImageOfPage":{"@id":"https:\/\/lumiererosario.gob.ar\/web\/todo-el-barrio-es-carnaval\/#primaryimage"},"image":{"@id":"https:\/\/lumiererosario.gob.ar\/web\/todo-el-barrio-es-carnaval\/#primaryimage"},"thumbnailUrl":"https:\/\/lumiererosario.gob.ar\/web\/wp-content\/uploads\/2021\/02\/WhatsApp-Image-2021-02-22-at-12.34.26-PM.jpeg","datePublished":"2021-02-22T16:08:42+00:00","dateModified":"2021-02-22T16:08:43+00:00","breadcrumb":{"@id":"https:\/\/lumiererosario.gob.ar\/web\/todo-el-barrio-es-carnaval\/#breadcrumb"},"inLanguage":"es","potentialAction":[{"@type":"ReadAction","target":["https:\/\/lumiererosario.gob.ar\/web\/todo-el-barrio-es-carnaval\/"]}]},{"@type":"ImageObject","inLanguage":"es","@id":"https:\/\/lumiererosario.gob.ar\/web\/todo-el-barrio-es-carnaval\/#primaryimage","url":"https:\/\/lumiererosario.gob.ar\/web\/wp-content\/uploads\/2021\/02\/WhatsApp-Image-2021-02-22-at-12.34.26-PM.jpeg","contentUrl":"https:\/\/lumiererosario.gob.ar\/web\/wp-content\/uploads\/2021\/02\/WhatsApp-Image-2021-02-22-at-12.34.26-PM.jpeg","width":1280,"height":799},{"@type":"BreadcrumbList","@id":"https:\/\/lumiererosario.gob.ar\/web\/todo-el-barrio-es-carnaval\/#breadcrumb","itemListElement":[{"@type":"ListItem","position":1,"name":"Portada","item":"https:\/\/lumiererosario.gob.ar\/web\/"},{"@type":"ListItem","position":2,"name":"Todo el barrio es carnaval"}]},{"@type":"WebSite","@id":"https:\/\/lumiererosario.gob.ar\/web\/#website","url":"https:\/\/lumiererosario.gob.ar\/web\/","name":"Centro Cultural Cine Lumi\u00e8re","description":"Cine Lumi\u00e8re es el cine p\u00fablico de Municipalidad de Rosario","publisher":{"@id":"https:\/\/lumiererosario.gob.ar\/web\/#organization"},"potentialAction":[{"@type":"SearchAction","target":{"@type":"EntryPoint","urlTemplate":"https:\/\/lumiererosario.gob.ar\/web\/?s={search_term_string}"},"query-input":{"@type":"PropertyValueSpecification","valueRequired":true,"valueName":"search_term_string"}}],"inLanguage":"es"},{"@type":"Organization","@id":"https:\/\/lumiererosario.gob.ar\/web\/#organization","name":"Centro Cultural Cine Lumi\u00e8re","url":"https:\/\/lumiererosario.gob.ar\/web\/","logo":{"@type":"ImageObject","inLanguage":"es","@id":"https:\/\/lumiererosario.gob.ar\/web\/#\/schema\/logo\/image\/","url":"https:\/\/lumiererosario.gob.ar\/web\/wp-content\/uploads\/2019\/10\/logo-lumiere.png","contentUrl":"https:\/\/lumiererosario.gob.ar\/web\/wp-content\/uploads\/2019\/10\/logo-lumiere.png","width":350,"height":175,"caption":"Centro Cultural Cine Lumi\u00e8re"},"image":{"@id":"https:\/\/lumiererosario.gob.ar\/web\/#\/schema\/logo\/image\/"},"sameAs":["https:\/\/es-la.facebook.com\/CentroCulturalCineLumiere\/","https:\/\/www.instagram.com\/cccinelumiere\/","https:\/\/www.youtube.com\/channel\/UCuhG8G0hl5YdZz-j9xf2muQ\/videos"]},{"@type":"Person","@id":"https:\/\/lumiererosario.gob.ar\/web\/#\/schema\/person\/b277aa5b6373bead2f9f24d8a4685515","name":"Lumiere","image":{"@type":"ImageObject","inLanguage":"es","@id":"https:\/\/lumiererosario.gob.ar\/web\/#\/schema\/person\/image\/","url":"https:\/\/secure.gravatar.com\/avatar\/023d2460701349f67fb8c23441481066?s=96&d=mm&r=g","contentUrl":"https:\/\/secure.gravatar.com\/avatar\/023d2460701349f67fb8c23441481066?s=96&d=mm&r=g","caption":"Lumiere"}}]}},"_links":{"self":[{"href":"https:\/\/lumiererosario.gob.ar\/web\/wp-json\/wp\/v2\/posts\/1187"}],"collection":[{"href":"https:\/\/lumiererosario.gob.ar\/web\/wp-json\/wp\/v2\/posts"}],"about":[{"href":"https:\/\/lumiererosario.gob.ar\/web\/wp-json\/wp\/v2\/types\/post"}],"author":[{"embeddable":true,"href":"https:\/\/lumiererosario.gob.ar\/web\/wp-json\/wp\/v2\/users\/4"}],"replies":[{"embeddable":true,"href":"https:\/\/lumiererosario.gob.ar\/web\/wp-json\/wp\/v2\/comments?post=1187"}],"version-history":[{"count":1,"href":"https:\/\/lumiererosario.gob.ar\/web\/wp-json\/wp\/v2\/posts\/1187\/revisions"}],"predecessor-version":[{"id":1191,"href":"https:\/\/lumiererosario.gob.ar\/web\/wp-json\/wp\/v2\/posts\/1187\/revisions\/1191"}],"wp:featuredmedia":[{"embeddable":true,"href":"https:\/\/lumiererosario.gob.ar\/web\/wp-json\/wp\/v2\/media\/1190"}],"wp:attachment":[{"href":"https:\/\/lumiererosario.gob.ar\/web\/wp-json\/wp\/v2\/media?parent=1187"}],"wp:term":[{"taxonomy":"category","embeddable":true,"href":"https:\/\/lumiererosario.gob.ar\/web\/wp-json\/wp\/v2\/categories?post=1187"},{"taxonomy":"post_tag","embeddable":true,"href":"https:\/\/lumiererosario.gob.ar\/web\/wp-json\/wp\/v2\/tags?post=1187"}],"curies":[{"name":"wp","href":"https:\/\/api.w.org\/{rel}","templated":true}]}}