{"id":1159,"date":"2021-02-11T14:05:25","date_gmt":"2021-02-11T14:05:25","guid":{"rendered":"http:\/\/lumiererosario.gob.ar\/web\/?p=1159"},"modified":"2021-06-10T13:37:53","modified_gmt":"2021-06-10T13:37:53","slug":"carnaval-2021-mascaras-de-terror-para-coleccionar","status":"publish","type":"post","link":"https:\/\/lumiererosario.gob.ar\/web\/carnaval-2021-mascaras-de-terror-para-coleccionar\/","title":{"rendered":"Carnaval 2021: m\u00e1scaras de terror para coleccionar"},"content":{"rendered":"\n<p class=\"wp-block-paragraph\">Para celebrar el carnaval en casa o con amigos, desde el Lumiere invitamos a descargar una serie de m\u00e1scaras coleccionables, ilustradas por Carlos Masinger, basadas en c\u00e9lebres personajes cinematogr\u00e1ficos de terror: Dr\u00e1cula, Frankestein, El Hombre lobo y un esqueleto caminante.<\/p>\n\n\n\n<p class=\"wp-block-paragraph\"><a href=\"https:\/\/lumiererosario.gob.ar\/web\/wp-content\/uploads\/2021\/02\/Diseno-sin-titulo-1.pdf\">Descargar m\u00e1scara Dr\u00e1cula<\/a><br><a href=\"https:\/\/lumiererosario.gob.ar\/web\/wp-content\/uploads\/2021\/02\/Diseno-sin-titulo.pdf\">Descargar m\u00e1scara Frankenstein<\/a><a href=\"https:\/\/lumiererosario.gob.ar\/web\/wp-content\/uploads\/2021\/02\/Diseno-sin-titulo-2.pdf\"> <\/a><br><a href=\"https:\/\/lumiererosario.gob.ar\/web\/wp-content\/uploads\/2021\/02\/Diseno-sin-titulo-2.pdf\">Descargar m\u00e1scara esqueleto <\/a><br><a href=\"https:\/\/lumiererosario.gob.ar\/web\/wp-content\/uploads\/2021\/02\/Diseno-sin-titulo-3.pdf\">Descargar m\u00e1scara Hombre Lobo<\/a><\/p>\n","protected":false},"excerpt":{"rendered":"<p>Para celebrar el carnaval en casa o con amigos, desde el Lumiere invitamos a descargar una serie de m\u00e1scaras coleccionables, ilustradas por Carlos Masinger, basadas en c\u00e9lebres personajes cinematogr\u00e1ficos de terror: Dr\u00e1cula, Frankestein, El Hombre lobo y un esqueleto caminante. Descargar m\u00e1scara Dr\u00e1culaDescargar m\u00e1scara Frankenstein Descargar m\u00e1scara esqueleto Descargar m\u00e1scara Hombre Lobo<\/p>\n","protected":false},"author":4,"featured_media":1175,"comment_status":"open","ping_status":"closed","sticky":false,"template":"","format":"standard","meta":{"_exactmetrics_skip_tracking":false,"footnotes":""},"categories":[6],"tags":[62,64,66,65,67,63,17],"class_list":["post-1159","post","type-post","status-publish","format-standard","has-post-thumbnail","hentry","category-noticias","tag-carnaval","tag-coleccion","tag-dracula","tag-frankenstein","tag-hombre-lobo","tag-mascaras","tag-terror"],"yoast_head":"<!-- This site is optimized with the Yoast SEO plugin v28.3 - https:\/\/yoast.com\/product\/yoast-seo-wordpress\/ -->\n<title>Carnaval 2021: m\u00e1scaras de terror para coleccionar - Centro Cultural Cine Lumi\u00e8re<\/title>\n<meta name=\"robots\" content=\"index, follow, max-snippet:-1, max-image-preview:large, max-video-preview:-1\" \/>\n<link rel=\"canonical\" href=\"https:\/\/lumiererosario.gob.ar\/web\/carnaval-2021-mascaras-de-terror-para-coleccionar\/\" \/>\n<meta property=\"og:locale\" content=\"es_ES\" \/>\n<meta property=\"og:type\" content=\"article\" \/>\n<meta property=\"og:title\" content=\"Carnaval 2021: m\u00e1scaras de terror para coleccionar - Centro Cultural Cine Lumi\u00e8re\" \/>\n<meta property=\"og:description\" content=\"Para celebrar el carnaval en casa o con amigos, desde el Lumiere invitamos a descargar una serie de m\u00e1scaras coleccionables, ilustradas por Carlos Masinger, basadas en c\u00e9lebres personajes cinematogr\u00e1ficos de terror: Dr\u00e1cula, Frankestein, El Hombre lobo y un esqueleto caminante. Descargar m\u00e1scara Dr\u00e1culaDescargar m\u00e1scara Frankenstein Descargar m\u00e1scara esqueleto Descargar m\u00e1scara Hombre Lobo\" \/>\n<meta property=\"og:url\" content=\"https:\/\/lumiererosario.gob.ar\/web\/carnaval-2021-mascaras-de-terror-para-coleccionar\/\" \/>\n<meta property=\"og:site_name\" content=\"Centro Cultural Cine Lumi\u00e8re\" \/>\n<meta property=\"article:publisher\" content=\"https:\/\/es-la.facebook.com\/CentroCulturalCineLumiere\/\" \/>\n<meta property=\"article:published_time\" content=\"2021-02-11T14:05:25+00:00\" \/>\n<meta property=\"article:modified_time\" content=\"2021-06-10T13:37:53+00:00\" \/>\n<meta property=\"og:image\" content=\"https:\/\/lumiererosario.gob.ar\/web\/wp-content\/uploads\/2021\/02\/web-04-1024x1024.jpg\" \/>\n\t<meta property=\"og:image:width\" content=\"1024\" \/>\n\t<meta property=\"og:image:height\" content=\"1024\" \/>\n\t<meta property=\"og:image:type\" content=\"image\/jpeg\" \/>\n<meta name=\"author\" content=\"Lumiere\" \/>\n<meta name=\"twitter:label1\" content=\"Escrito por\" \/>\n\t<meta name=\"twitter:data1\" content=\"Lumiere\" \/>\n\t<meta name=\"twitter:label2\" content=\"Tiempo de lectura\" \/>\n\t<meta name=\"twitter:data2\" content=\"1 minuto\" \/>\n<script type=\"application\/ld+json\" class=\"yoast-schema-graph\">{\"@context\":\"https:\\\/\\\/schema.org\",\"@graph\":[{\"@type\":\"Article\",\"@id\":\"https:\\\/\\\/lumiererosario.gob.ar\\\/web\\\/carnaval-2021-mascaras-de-terror-para-coleccionar\\\/#article\",\"isPartOf\":{\"@id\":\"https:\\\/\\\/lumiererosario.gob.ar\\\/web\\\/carnaval-2021-mascaras-de-terror-para-coleccionar\\\/\"},\"author\":{\"name\":\"Lumiere\",\"@id\":\"https:\\\/\\\/lumiererosario.gob.ar\\\/web\\\/#\\\/schema\\\/person\\\/b277aa5b6373bead2f9f24d8a4685515\"},\"headline\":\"Carnaval 2021: m\u00e1scaras de terror para coleccionar\",\"datePublished\":\"2021-02-11T14:05:25+00:00\",\"dateModified\":\"2021-06-10T13:37:53+00:00\",\"mainEntityOfPage\":{\"@id\":\"https:\\\/\\\/lumiererosario.gob.ar\\\/web\\\/carnaval-2021-mascaras-de-terror-para-coleccionar\\\/\"},\"wordCount\":69,\"commentCount\":0,\"publisher\":{\"@id\":\"https:\\\/\\\/lumiererosario.gob.ar\\\/web\\\/#organization\"},\"image\":{\"@id\":\"https:\\\/\\\/lumiererosario.gob.ar\\\/web\\\/carnaval-2021-mascaras-de-terror-para-coleccionar\\\/#primaryimage\"},\"thumbnailUrl\":\"https:\\\/\\\/lumiererosario.gob.ar\\\/web\\\/wp-content\\\/uploads\\\/2021\\\/02\\\/web-04.jpg\",\"keywords\":[\"carnaval\",\"colecci\u00f3n\",\"dr\u00e1cula\",\"frankenstein\",\"hombre lobo\",\"m\u00e1scaras\",\"terror\"],\"articleSection\":[\"Noticias\"],\"inLanguage\":\"es\",\"potentialAction\":[{\"@type\":\"CommentAction\",\"name\":\"Comment\",\"target\":[\"https:\\\/\\\/lumiererosario.gob.ar\\\/web\\\/carnaval-2021-mascaras-de-terror-para-coleccionar\\\/#respond\"]}]},{\"@type\":\"WebPage\",\"@id\":\"https:\\\/\\\/lumiererosario.gob.ar\\\/web\\\/carnaval-2021-mascaras-de-terror-para-coleccionar\\\/\",\"url\":\"https:\\\/\\\/lumiererosario.gob.ar\\\/web\\\/carnaval-2021-mascaras-de-terror-para-coleccionar\\\/\",\"name\":\"Carnaval 2021: m\u00e1scaras de terror para coleccionar - Centro Cultural Cine Lumi\u00e8re\",\"isPartOf\":{\"@id\":\"https:\\\/\\\/lumiererosario.gob.ar\\\/web\\\/#website\"},\"primaryImageOfPage\":{\"@id\":\"https:\\\/\\\/lumiererosario.gob.ar\\\/web\\\/carnaval-2021-mascaras-de-terror-para-coleccionar\\\/#primaryimage\"},\"image\":{\"@id\":\"https:\\\/\\\/lumiererosario.gob.ar\\\/web\\\/carnaval-2021-mascaras-de-terror-para-coleccionar\\\/#primaryimage\"},\"thumbnailUrl\":\"https:\\\/\\\/lumiererosario.gob.ar\\\/web\\\/wp-content\\\/uploads\\\/2021\\\/02\\\/web-04.jpg\",\"datePublished\":\"2021-02-11T14:05:25+00:00\",\"dateModified\":\"2021-06-10T13:37:53+00:00\",\"breadcrumb\":{\"@id\":\"https:\\\/\\\/lumiererosario.gob.ar\\\/web\\\/carnaval-2021-mascaras-de-terror-para-coleccionar\\\/#breadcrumb\"},\"inLanguage\":\"es\",\"potentialAction\":[{\"@type\":\"ReadAction\",\"target\":[\"https:\\\/\\\/lumiererosario.gob.ar\\\/web\\\/carnaval-2021-mascaras-de-terror-para-coleccionar\\\/\"]}]},{\"@type\":\"ImageObject\",\"inLanguage\":\"es\",\"@id\":\"https:\\\/\\\/lumiererosario.gob.ar\\\/web\\\/carnaval-2021-mascaras-de-terror-para-coleccionar\\\/#primaryimage\",\"url\":\"https:\\\/\\\/lumiererosario.gob.ar\\\/web\\\/wp-content\\\/uploads\\\/2021\\\/02\\\/web-04.jpg\",\"contentUrl\":\"https:\\\/\\\/lumiererosario.gob.ar\\\/web\\\/wp-content\\\/uploads\\\/2021\\\/02\\\/web-04.jpg\",\"width\":2480,\"height\":2480},{\"@type\":\"BreadcrumbList\",\"@id\":\"https:\\\/\\\/lumiererosario.gob.ar\\\/web\\\/carnaval-2021-mascaras-de-terror-para-coleccionar\\\/#breadcrumb\",\"itemListElement\":[{\"@type\":\"ListItem\",\"position\":1,\"name\":\"Portada\",\"item\":\"https:\\\/\\\/lumiererosario.gob.ar\\\/web\\\/\"},{\"@type\":\"ListItem\",\"position\":2,\"name\":\"Carnaval 2021: m\u00e1scaras de terror para coleccionar\"}]},{\"@type\":\"WebSite\",\"@id\":\"https:\\\/\\\/lumiererosario.gob.ar\\\/web\\\/#website\",\"url\":\"https:\\\/\\\/lumiererosario.gob.ar\\\/web\\\/\",\"name\":\"Centro Cultural Cine Lumi\u00e8re\",\"description\":\"Cine Lumi\u00e8re es el cine p\u00fablico de Municipalidad de Rosario\",\"publisher\":{\"@id\":\"https:\\\/\\\/lumiererosario.gob.ar\\\/web\\\/#organization\"},\"potentialAction\":[{\"@type\":\"SearchAction\",\"target\":{\"@type\":\"EntryPoint\",\"urlTemplate\":\"https:\\\/\\\/lumiererosario.gob.ar\\\/web\\\/?s={search_term_string}\"},\"query-input\":{\"@type\":\"PropertyValueSpecification\",\"valueRequired\":true,\"valueName\":\"search_term_string\"}}],\"inLanguage\":\"es\"},{\"@type\":\"Organization\",\"@id\":\"https:\\\/\\\/lumiererosario.gob.ar\\\/web\\\/#organization\",\"name\":\"Centro Cultural Cine Lumi\u00e8re\",\"url\":\"https:\\\/\\\/lumiererosario.gob.ar\\\/web\\\/\",\"logo\":{\"@type\":\"ImageObject\",\"inLanguage\":\"es\",\"@id\":\"https:\\\/\\\/lumiererosario.gob.ar\\\/web\\\/#\\\/schema\\\/logo\\\/image\\\/\",\"url\":\"https:\\\/\\\/lumiererosario.gob.ar\\\/web\\\/wp-content\\\/uploads\\\/2019\\\/10\\\/logo-lumiere.png\",\"contentUrl\":\"https:\\\/\\\/lumiererosario.gob.ar\\\/web\\\/wp-content\\\/uploads\\\/2019\\\/10\\\/logo-lumiere.png\",\"width\":350,\"height\":175,\"caption\":\"Centro Cultural Cine Lumi\u00e8re\"},\"image\":{\"@id\":\"https:\\\/\\\/lumiererosario.gob.ar\\\/web\\\/#\\\/schema\\\/logo\\\/image\\\/\"},\"sameAs\":[\"https:\\\/\\\/es-la.facebook.com\\\/CentroCulturalCineLumiere\\\/\",\"https:\\\/\\\/www.instagram.com\\\/cccinelumiere\\\/\",\"https:\\\/\\\/www.youtube.com\\\/channel\\\/UCuhG8G0hl5YdZz-j9xf2muQ\\\/videos\"]},{\"@type\":\"Person\",\"@id\":\"https:\\\/\\\/lumiererosario.gob.ar\\\/web\\\/#\\\/schema\\\/person\\\/b277aa5b6373bead2f9f24d8a4685515\",\"name\":\"Lumiere\",\"image\":{\"@type\":\"ImageObject\",\"inLanguage\":\"es\",\"@id\":\"https:\\\/\\\/secure.gravatar.com\\\/avatar\\\/55023256612ceff6f4116cc63c5cebd0636b08f442b8430a8f7228e179c3eebb?s=96&d=mm&r=g\",\"url\":\"https:\\\/\\\/secure.gravatar.com\\\/avatar\\\/55023256612ceff6f4116cc63c5cebd0636b08f442b8430a8f7228e179c3eebb?s=96&d=mm&r=g\",\"contentUrl\":\"https:\\\/\\\/secure.gravatar.com\\\/avatar\\\/55023256612ceff6f4116cc63c5cebd0636b08f442b8430a8f7228e179c3eebb?s=96&d=mm&r=g\",\"caption\":\"Lumiere\"}}]}<\/script>\n<!-- \/ Yoast SEO plugin. -->","yoast_head_json":{"title":"Carnaval 2021: m\u00e1scaras de terror para coleccionar - Centro Cultural Cine Lumi\u00e8re","robots":{"index":"index","follow":"follow","max-snippet":"max-snippet:-1","max-image-preview":"max-image-preview:large","max-video-preview":"max-video-preview:-1"},"canonical":"https:\/\/lumiererosario.gob.ar\/web\/carnaval-2021-mascaras-de-terror-para-coleccionar\/","og_locale":"es_ES","og_type":"article","og_title":"Carnaval 2021: m\u00e1scaras de terror para coleccionar - Centro Cultural Cine Lumi\u00e8re","og_description":"Para celebrar el carnaval en casa o con amigos, desde el Lumiere invitamos a descargar una serie de m\u00e1scaras coleccionables, ilustradas por Carlos Masinger, basadas en c\u00e9lebres personajes cinematogr\u00e1ficos de terror: Dr\u00e1cula, Frankestein, El Hombre lobo y un esqueleto caminante. Descargar m\u00e1scara Dr\u00e1culaDescargar m\u00e1scara Frankenstein Descargar m\u00e1scara esqueleto Descargar m\u00e1scara Hombre Lobo","og_url":"https:\/\/lumiererosario.gob.ar\/web\/carnaval-2021-mascaras-de-terror-para-coleccionar\/","og_site_name":"Centro Cultural Cine Lumi\u00e8re","article_publisher":"https:\/\/es-la.facebook.com\/CentroCulturalCineLumiere\/","article_published_time":"2021-02-11T14:05:25+00:00","article_modified_time":"2021-06-10T13:37:53+00:00","og_image":[{"width":1024,"height":1024,"url":"https:\/\/lumiererosario.gob.ar\/web\/wp-content\/uploads\/2021\/02\/web-04-1024x1024.jpg","type":"image\/jpeg"}],"author":"Lumiere","twitter_misc":{"Escrito por":"Lumiere","Tiempo de lectura":"1 minuto"},"schema":{"@context":"https:\/\/schema.org","@graph":[{"@type":"Article","@id":"https:\/\/lumiererosario.gob.ar\/web\/carnaval-2021-mascaras-de-terror-para-coleccionar\/#article","isPartOf":{"@id":"https:\/\/lumiererosario.gob.ar\/web\/carnaval-2021-mascaras-de-terror-para-coleccionar\/"},"author":{"name":"Lumiere","@id":"https:\/\/lumiererosario.gob.ar\/web\/#\/schema\/person\/b277aa5b6373bead2f9f24d8a4685515"},"headline":"Carnaval 2021: m\u00e1scaras de terror para coleccionar","datePublished":"2021-02-11T14:05:25+00:00","dateModified":"2021-06-10T13:37:53+00:00","mainEntityOfPage":{"@id":"https:\/\/lumiererosario.gob.ar\/web\/carnaval-2021-mascaras-de-terror-para-coleccionar\/"},"wordCount":69,"commentCount":0,"publisher":{"@id":"https:\/\/lumiererosario.gob.ar\/web\/#organization"},"image":{"@id":"https:\/\/lumiererosario.gob.ar\/web\/carnaval-2021-mascaras-de-terror-para-coleccionar\/#primaryimage"},"thumbnailUrl":"https:\/\/lumiererosario.gob.ar\/web\/wp-content\/uploads\/2021\/02\/web-04.jpg","keywords":["carnaval","colecci\u00f3n","dr\u00e1cula","frankenstein","hombre lobo","m\u00e1scaras","terror"],"articleSection":["Noticias"],"inLanguage":"es","potentialAction":[{"@type":"CommentAction","name":"Comment","target":["https:\/\/lumiererosario.gob.ar\/web\/carnaval-2021-mascaras-de-terror-para-coleccionar\/#respond"]}]},{"@type":"WebPage","@id":"https:\/\/lumiererosario.gob.ar\/web\/carnaval-2021-mascaras-de-terror-para-coleccionar\/","url":"https:\/\/lumiererosario.gob.ar\/web\/carnaval-2021-mascaras-de-terror-para-coleccionar\/","name":"Carnaval 2021: m\u00e1scaras de terror para coleccionar - Centro Cultural Cine Lumi\u00e8re","isPartOf":{"@id":"https:\/\/lumiererosario.gob.ar\/web\/#website"},"primaryImageOfPage":{"@id":"https:\/\/lumiererosario.gob.ar\/web\/carnaval-2021-mascaras-de-terror-para-coleccionar\/#primaryimage"},"image":{"@id":"https:\/\/lumiererosario.gob.ar\/web\/carnaval-2021-mascaras-de-terror-para-coleccionar\/#primaryimage"},"thumbnailUrl":"https:\/\/lumiererosario.gob.ar\/web\/wp-content\/uploads\/2021\/02\/web-04.jpg","datePublished":"2021-02-11T14:05:25+00:00","dateModified":"2021-06-10T13:37:53+00:00","breadcrumb":{"@id":"https:\/\/lumiererosario.gob.ar\/web\/carnaval-2021-mascaras-de-terror-para-coleccionar\/#breadcrumb"},"inLanguage":"es","potentialAction":[{"@type":"ReadAction","target":["https:\/\/lumiererosario.gob.ar\/web\/carnaval-2021-mascaras-de-terror-para-coleccionar\/"]}]},{"@type":"ImageObject","inLanguage":"es","@id":"https:\/\/lumiererosario.gob.ar\/web\/carnaval-2021-mascaras-de-terror-para-coleccionar\/#primaryimage","url":"https:\/\/lumiererosario.gob.ar\/web\/wp-content\/uploads\/2021\/02\/web-04.jpg","contentUrl":"https:\/\/lumiererosario.gob.ar\/web\/wp-content\/uploads\/2021\/02\/web-04.jpg","width":2480,"height":2480},{"@type":"BreadcrumbList","@id":"https:\/\/lumiererosario.gob.ar\/web\/carnaval-2021-mascaras-de-terror-para-coleccionar\/#breadcrumb","itemListElement":[{"@type":"ListItem","position":1,"name":"Portada","item":"https:\/\/lumiererosario.gob.ar\/web\/"},{"@type":"ListItem","position":2,"name":"Carnaval 2021: m\u00e1scaras de terror para coleccionar"}]},{"@type":"WebSite","@id":"https:\/\/lumiererosario.gob.ar\/web\/#website","url":"https:\/\/lumiererosario.gob.ar\/web\/","name":"Centro Cultural Cine Lumi\u00e8re","description":"Cine Lumi\u00e8re es el cine p\u00fablico de Municipalidad de Rosario","publisher":{"@id":"https:\/\/lumiererosario.gob.ar\/web\/#organization"},"potentialAction":[{"@type":"SearchAction","target":{"@type":"EntryPoint","urlTemplate":"https:\/\/lumiererosario.gob.ar\/web\/?s={search_term_string}"},"query-input":{"@type":"PropertyValueSpecification","valueRequired":true,"valueName":"search_term_string"}}],"inLanguage":"es"},{"@type":"Organization","@id":"https:\/\/lumiererosario.gob.ar\/web\/#organization","name":"Centro Cultural Cine Lumi\u00e8re","url":"https:\/\/lumiererosario.gob.ar\/web\/","logo":{"@type":"ImageObject","inLanguage":"es","@id":"https:\/\/lumiererosario.gob.ar\/web\/#\/schema\/logo\/image\/","url":"https:\/\/lumiererosario.gob.ar\/web\/wp-content\/uploads\/2019\/10\/logo-lumiere.png","contentUrl":"https:\/\/lumiererosario.gob.ar\/web\/wp-content\/uploads\/2019\/10\/logo-lumiere.png","width":350,"height":175,"caption":"Centro Cultural Cine Lumi\u00e8re"},"image":{"@id":"https:\/\/lumiererosario.gob.ar\/web\/#\/schema\/logo\/image\/"},"sameAs":["https:\/\/es-la.facebook.com\/CentroCulturalCineLumiere\/","https:\/\/www.instagram.com\/cccinelumiere\/","https:\/\/www.youtube.com\/channel\/UCuhG8G0hl5YdZz-j9xf2muQ\/videos"]},{"@type":"Person","@id":"https:\/\/lumiererosario.gob.ar\/web\/#\/schema\/person\/b277aa5b6373bead2f9f24d8a4685515","name":"Lumiere","image":{"@type":"ImageObject","inLanguage":"es","@id":"https:\/\/secure.gravatar.com\/avatar\/55023256612ceff6f4116cc63c5cebd0636b08f442b8430a8f7228e179c3eebb?s=96&d=mm&r=g","url":"https:\/\/secure.gravatar.com\/avatar\/55023256612ceff6f4116cc63c5cebd0636b08f442b8430a8f7228e179c3eebb?s=96&d=mm&r=g","contentUrl":"https:\/\/secure.gravatar.com\/avatar\/55023256612ceff6f4116cc63c5cebd0636b08f442b8430a8f7228e179c3eebb?s=96&d=mm&r=g","caption":"Lumiere"}}]}},"_links":{"self":[{"href":"https:\/\/lumiererosario.gob.ar\/web\/wp-json\/wp\/v2\/posts\/1159","targetHints":{"allow":["GET"]}}],"collection":[{"href":"https:\/\/lumiererosario.gob.ar\/web\/wp-json\/wp\/v2\/posts"}],"about":[{"href":"https:\/\/lumiererosario.gob.ar\/web\/wp-json\/wp\/v2\/types\/post"}],"author":[{"embeddable":true,"href":"https:\/\/lumiererosario.gob.ar\/web\/wp-json\/wp\/v2\/users\/4"}],"replies":[{"embeddable":true,"href":"https:\/\/lumiererosario.gob.ar\/web\/wp-json\/wp\/v2\/comments?post=1159"}],"version-history":[{"count":8,"href":"https:\/\/lumiererosario.gob.ar\/web\/wp-json\/wp\/v2\/posts\/1159\/revisions"}],"predecessor-version":[{"id":1174,"href":"https:\/\/lumiererosario.gob.ar\/web\/wp-json\/wp\/v2\/posts\/1159\/revisions\/1174"}],"wp:featuredmedia":[{"embeddable":true,"href":"https:\/\/lumiererosario.gob.ar\/web\/wp-json\/wp\/v2\/media\/1175"}],"wp:attachment":[{"href":"https:\/\/lumiererosario.gob.ar\/web\/wp-json\/wp\/v2\/media?parent=1159"}],"wp:term":[{"taxonomy":"category","embeddable":true,"href":"https:\/\/lumiererosario.gob.ar\/web\/wp-json\/wp\/v2\/categories?post=1159"},{"taxonomy":"post_tag","embeddable":true,"href":"https:\/\/lumiererosario.gob.ar\/web\/wp-json\/wp\/v2\/tags?post=1159"}],"curies":[{"name":"wp","href":"https:\/\/api.w.org\/{rel}","templated":true}]}}